{"id":101715,"date":"2025-12-10T08:23:06","date_gmt":"2025-12-10T08:23:06","guid":{"rendered":"https:\/\/www.europesays.com\/se\/101715\/"},"modified":"2025-12-10T08:23:06","modified_gmt":"2025-12-10T08:23:06","slug":"roxette-till-slottsskogsvallen-i-sommar-deras-enda-spelning-i-sverige-2026","status":"publish","type":"post","link":"https:\/\/www.europesays.com\/se\/101715\/","title":{"rendered":"Roxette till Slottsskogsvallen i sommar \u2013 deras enda spelning i Sverige 2026"},"content":{"rendered":"<p>\n          Pressmeddelande &#8211;<br \/>\n10 December 2025 09:00<\/p>\n<p>    Dela<\/p>\n<p>\n          L\u00e4nk kopierad!\n        <\/p>\n<p>          <a class=\"ghost-btn-with-icon svg-stroke\" rel=\"nofollow noopener\" aria-label=\"Ladda ned som PDF\" href=\"https:\/\/www.mynewsdesk.com\/se\/livenation\/pressreleases\/roxette-till-slottsskogsvallen-i-sommar-deras-enda-spelning-i-sverige-2026-3420558.pdf\" target=\"_blank\"><\/p>\n<p>            Ladda ner<br \/>\n<\/a>      <\/p>\n<p><strong>Efter ett imponerande turn\u00e9\u00e5r med kritikerrosade konserter i Sydafrika, Australien och Europa kan vi gl\u00e4djande meddela att Roxette, med Per Gessle i spetsen tillsammans med Lena Philipsson, g\u00f6r en exklusiv sommarkonsert p\u00e5 Slottsskogsvallen i G\u00f6teborg den 9 juli. Konserten blir den enda i Sverige n\u00e4sta \u00e5r! <\/strong><strong\/><\/p>\n<p>Biljetter sl\u00e4pps p\u00e5 fredag 12 december kl. 09:00 via LiveNation.se <br \/>I Sverige har Mastercard-anv\u00e4ndare tillg\u00e5ng till f\u00f6rk\u00f6psbiljetter fr\u00e5n nu t.o.m. 12\/12 kl. 08.00. Bes\u00f6k <a href=\"http:\/\/www.priceless.com\/music\" target=\"_blank\" rel=\"nofollow noopener\">www.priceless.com\/music<\/a> f\u00f6r mer information.  <\/p>\n<p>Turn\u00e9n har under \u00e5ret vuxit i takt med publikintresset. Nya st\u00e4der har adderats och flera kv\u00e4llar har f\u00e5tt extrains\u00e4ttas efter stort tryck p\u00e5 biljetterna. I Sverige m\u00e4rktes det tydligt i somras, med fyra sluts\u00e5lda konserter i Halmstad och G\u00f6teborg, f\u00f6ljt av tv\u00e5 uts\u00e5lda kv\u00e4llar i Link\u00f6ping och Stockholm s\u00e5 sent som f\u00f6rra veckan. <\/p>\n<p>\u2013 Det har varit ett fantastiskt \u00e5r. Publikintresset har fortsatt att \u00f6ka och varje kv\u00e4ll har gett oss mer energi att forts\u00e4tta bygga p\u00e5 turn\u00e9n. Det k\u00e4nns otroligt kul att nu kunna presentera Slottsskogsvallen som n\u00e4sta stora spelning i Sverige. Det kommer bli n\u00e5got alldeles extra, s\u00e4ger Per Gessle.  <\/p>\n<p>N\u00e4r Roxette gjorde sina d\u00e5 sista konserter 2016 var framtiden oviss. Fem \u00e5r efter Marie Fredrikssons bortg\u00e5ng tog grundaren, frontmannen och l\u00e5tskrivaren Per Gessle initiativ till att \u00e5terf\u00f6ra katalogen till livescenen, tillsammans med sitt klassiska Roxette-band och Lena Philipsson.  <\/p>\n<p>Resultatet \u00e4r en turn\u00e9 som kretsar kring den tidl\u00f6sa och \u00e4lskade l\u00e5tskatten, fr\u00e5n The Look och Joyride till Listen to Your Heart och It Must Have Been Love, som snart passerar en miljard streams p\u00e5 Spotify.  <\/p>\n<p>2026 \u00e4r det 40 \u00e5r sedan debutalbumet Pearls of Passion sl\u00e4pptes, starten p\u00e5 en resa som skulle ta Roxette till v\u00e4rldens st\u00f6rsta scener och skapa en av v\u00e4rldens mest \u00e4lskade l\u00e5tskatter.  <\/p>\n<p>Ut\u00f6ver den efterl\u00e4ngtade G\u00f6teborgsspelningen v\u00e4ntar \u00e4ven konserter i Sydamerika under v\u00e5ren och Europa under sommaren.<\/p>\n<p><strong>Datum 2026<br \/><\/strong>9 juli \u2013 Slottsskogsvallen, G\u00f6teborg<\/p>\n<p><strong>Biljetter<br \/><\/strong>Biljetter sl\u00e4pps p\u00e5 fredag 12 december kl. 09:00 via LiveNation.se<br \/>I Sverige har Mastercard-anv\u00e4ndare tillg\u00e5ng till f\u00f6rk\u00f6psbiljetter fr\u00e5n nu t.o.m. 12\/12 kl. 08.00. Bes\u00f6k <a href=\"http:\/\/www.priceless.com\/music\" target=\"_blank\" rel=\"nofollow noopener\">www.priceless.com\/music<\/a> f\u00f6r mer information.<\/p>\n<p><strong>Pressbiljetter &amp; fotopass<\/strong><br \/>Ans\u00f6kan om k\u00f6p av pressbiljett skickas till press@livenation.se. Det \u00e4r viktigt att du skickar en f\u00f6rfr\u00e5gan per artist\/evenemang och att du i \u00e4mnesraden anger vilken artist\/evenemang det g\u00e4ller.<br \/>Fotopass-ans\u00f6kan g\u00f6rs via photorequest.livenation.se (notera att godk\u00e4nt fotopass inte g\u00e4ller som biljett).<\/p>\n<p>Med reservation f\u00f6r eventuella \u00e4ndringar. Senast uppdaterad information hittar du alltid p\u00e5 livenation.se.<\/p>\n","protected":false},"excerpt":{"rendered":"Pressmeddelande &#8211; 10 December 2025 09:00 Dela L\u00e4nk kopierad! Ladda ner Efter ett imponerande turn\u00e9\u00e5r med kritikerrosade konserter&hellip;\n","protected":false},"author":2,"featured_media":101716,"comment_status":"","ping_status":"","sticky":false,"template":"","format":"standard","meta":{"footnotes":""},"categories":[67],"tags":[104,11634,11635,11636,34,31,33,32,30,105],"class_list":{"0":"post-101715","1":"post","2":"type-post","3":"status-publish","4":"format-standard","5":"has-post-thumbnail","7":"category-underhallning","8":"tag-entertainment","9":"tag-lena-philipsson","10":"tag-per-gessle","11":"tag-roxette","12":"tag-se","13":"tag-svenska","14":"tag-sverige","15":"tag-sweden","16":"tag-swedish","17":"tag-underhallning"},"share_on_mastodon":{"url":"https:\/\/pubeurope.com\/@se\/115694312101894766","error":""},"_links":{"self":[{"href":"https:\/\/www.europesays.com\/se\/wp-json\/wp\/v2\/posts\/101715","targetHints":{"allow":["GET"]}}],"collection":[{"href":"https:\/\/www.europesays.com\/se\/wp-json\/wp\/v2\/posts"}],"about":[{"href":"https:\/\/www.europesays.com\/se\/wp-json\/wp\/v2\/types\/post"}],"author":[{"embeddable":true,"href":"https:\/\/www.europesays.com\/se\/wp-json\/wp\/v2\/users\/2"}],"replies":[{"embeddable":true,"href":"https:\/\/www.europesays.com\/se\/wp-json\/wp\/v2\/comments?post=101715"}],"version-history":[{"count":0,"href":"https:\/\/www.europesays.com\/se\/wp-json\/wp\/v2\/posts\/101715\/revisions"}],"wp:featuredmedia":[{"embeddable":true,"href":"https:\/\/www.europesays.com\/se\/wp-json\/wp\/v2\/media\/101716"}],"wp:attachment":[{"href":"https:\/\/www.europesays.com\/se\/wp-json\/wp\/v2\/media?parent=101715"}],"wp:term":[{"taxonomy":"category","embeddable":true,"href":"https:\/\/www.europesays.com\/se\/wp-json\/wp\/v2\/categories?post=101715"},{"taxonomy":"post_tag","embeddable":true,"href":"https:\/\/www.europesays.com\/se\/wp-json\/wp\/v2\/tags?post=101715"}],"curies":[{"name":"wp","href":"https:\/\/api.w.org\/{rel}","templated":true}]}}