{"id":101719,"date":"2025-12-10T08:25:14","date_gmt":"2025-12-10T08:25:14","guid":{"rendered":"https:\/\/www.europesays.com\/se\/101719\/"},"modified":"2025-12-10T08:25:14","modified_gmt":"2025-12-10T08:25:14","slug":"minst-jamstallda-loner-bland-hogavlonade","status":"publish","type":"post","link":"https:\/\/www.europesays.com\/se\/101719\/","title":{"rendered":"Minst j\u00e4mst\u00e4llda l\u00f6ner bland h\u00f6gavl\u00f6nade"},"content":{"rendered":"<p><strong>L\u00f6nespridningen s\u00e5g olika ut i olika sektorer<\/strong><\/p>\n<p>Att analysera inkomstpercentiler g\u00f6r det m\u00f6jligt att j\u00e4mf\u00f6ra l\u00f6ner inom olika inkomstniv\u00e5er. N\u00e4r detta g\u00f6rs p\u00e5 2024 \u00e5rs l\u00f6ner framkommer tydligare skillnader inom gruppen h\u00f6gavl\u00f6nade \u00e4n bland de l\u00e5gavl\u00f6nade.<\/p>\n<p>Av de 10 procent kvinnor respektive m\u00e4n som hade l\u00e4gst l\u00f6n var skillnaden liten, framf\u00f6r allt hos kommunanst\u00e4llda. De kommunanst\u00e4llda kvinnorna i denna percentil hade en l\u00f6n under 26 400 kronor och m\u00e4nnen hade en l\u00f6n under 26 100 kronor. I regionerna tj\u00e4nade de 10 procent l\u00e4gst betalda kvinnorna under 29\u202f000 kronor och m\u00e4n tj\u00e4nade under 29\u202f200 kronor. Den st\u00f6rsta l\u00f6neskillnaden i denna percentil kan ses hos privatanst\u00e4llda tj\u00e4nstem\u00e4n, d\u00e4r kvinnorna tj\u00e4nade under 30 500 kronor och m\u00e4nnen under 34 300 kronor.<\/p>\n<p>Bland de 10 procent som hade h\u00f6gst l\u00f6n var skillnaderna betydligt st\u00f6rre. I regionerna tj\u00e4nade 10 procent av kvinnorna \u00f6ver 58 100 kronor medan m\u00e4n tj\u00e4nade \u00f6ver 93 900 kronor. Bland privata tj\u00e4nstem\u00e4n tj\u00e4nade 10 procent av kvinnorna \u00f6ver 68 500 kronor och 10 procent av m\u00e4nnen tj\u00e4nade \u00f6ver 80 200 kronor. En f\u00f6rklaring till att l\u00f6nespridningen var h\u00f6g bland anst\u00e4llda i regionerna \u00e4r att yrken med b\u00e5de h\u00f6ga och l\u00e5ga l\u00f6ner finns representerade (exempelvis specialistl\u00e4kare och undersk\u00f6terskor).<\/p>\n<p>&#8211; N\u00e4r vi analyserar l\u00f6nerna ser vi att skillnaderna mellan kvinnor och m\u00e4n \u00e4r relativt sm\u00e5 i vissa sektorer, s\u00e4rskilt i kommunerna. Men n\u00e4r vi bryter ned f\u00f6rdelningen i olika l\u00f6neniv\u00e5er s\u00e5 framtr\u00e4der en tydlig obalans i toppen av l\u00f6neskalan. Det visar att j\u00e4mst\u00e4lldhetsfr\u00e5gan inte bara handlar om genomsnittsl\u00f6ner, utan ocks\u00e5 om vilka som n\u00e5r de h\u00f6gsta inkomstniv\u00e5erna, s\u00e4ger Anneli \u00c5kerman, utredare p\u00e5 Statistiska centralbyr\u00e5n.<\/p>\n","protected":false},"excerpt":{"rendered":"L\u00f6nespridningen s\u00e5g olika ut i olika sektorer Att analysera inkomstpercentiler g\u00f6r det m\u00f6jligt att j\u00e4mf\u00f6ra l\u00f6ner inom olika&hellip;\n","protected":false},"author":2,"featured_media":46251,"comment_status":"","ping_status":"","sticky":false,"template":"","format":"standard","meta":{"footnotes":""},"categories":[65],"tags":[72,70,71,34,31,33,32,30],"class_list":{"0":"post-101719","1":"post","2":"type-post","3":"status-publish","4":"format-standard","5":"has-post-thumbnail","7":"category-ekonomi","8":"tag-business","9":"tag-economy","10":"tag-ekonomi","11":"tag-se","12":"tag-svenska","13":"tag-sverige","14":"tag-sweden","15":"tag-swedish"},"share_on_mastodon":{"url":"https:\/\/pubeurope.com\/@se\/115694319907147223","error":""},"_links":{"self":[{"href":"https:\/\/www.europesays.com\/se\/wp-json\/wp\/v2\/posts\/101719","targetHints":{"allow":["GET"]}}],"collection":[{"href":"https:\/\/www.europesays.com\/se\/wp-json\/wp\/v2\/posts"}],"about":[{"href":"https:\/\/www.europesays.com\/se\/wp-json\/wp\/v2\/types\/post"}],"author":[{"embeddable":true,"href":"https:\/\/www.europesays.com\/se\/wp-json\/wp\/v2\/users\/2"}],"replies":[{"embeddable":true,"href":"https:\/\/www.europesays.com\/se\/wp-json\/wp\/v2\/comments?post=101719"}],"version-history":[{"count":0,"href":"https:\/\/www.europesays.com\/se\/wp-json\/wp\/v2\/posts\/101719\/revisions"}],"wp:featuredmedia":[{"embeddable":true,"href":"https:\/\/www.europesays.com\/se\/wp-json\/wp\/v2\/media\/46251"}],"wp:attachment":[{"href":"https:\/\/www.europesays.com\/se\/wp-json\/wp\/v2\/media?parent=101719"}],"wp:term":[{"taxonomy":"category","embeddable":true,"href":"https:\/\/www.europesays.com\/se\/wp-json\/wp\/v2\/categories?post=101719"},{"taxonomy":"post_tag","embeddable":true,"href":"https:\/\/www.europesays.com\/se\/wp-json\/wp\/v2\/tags?post=101719"}],"curies":[{"name":"wp","href":"https:\/\/api.w.org\/{rel}","templated":true}]}}