{"id":101743,"date":"2025-12-10T08:49:11","date_gmt":"2025-12-10T08:49:11","guid":{"rendered":"https:\/\/www.europesays.com\/se\/101743\/"},"modified":"2025-12-10T08:49:11","modified_gmt":"2025-12-10T08:49:11","slug":"iphone-16-ar-ater-varldens-mest-salda-mobiltelefon","status":"publish","type":"post","link":"https:\/\/www.europesays.com\/se\/101743\/","title":{"rendered":"Iphone 16 \u00e4r \u00e5ter v\u00e4rldens mest s\u00e5lda mobiltelefon"},"content":{"rendered":"<p>Trots h\u00e5rd konkurrens fr\u00e5n Androidmodeller och att den funnits p\u00e5 marknaden ett tag, var Iphone 16 den mest s\u00e5lda smartphonen i v\u00e4rlden under Q3 2025. \u00c4ven Iphone 17 Pro Max, som lanserades sent i kvartalet, tog sig in p\u00e5 topp tio.<\/p>\n<p>Inf\u00f6r lanseringen av Iphone 17 rapporterades fallande efterfr\u00e5gan p\u00e5 Iphone 16, s\u00e4rskilt i Kina d\u00e4r f\u00f6rs\u00e4ljningen tappade mark. <a href=\"https:\/\/idg.digidip.net\/visit?url=https:\/\/counterpointresearch.com\/en\/insights\/top-10-best-selling-smartphones-q3-2025&amp;currurl=https:\/\/www.macworld.se\/article\/3005045\/iphone-16-ar-ater-varldens-mest-salda-mobiltelefon.html&amp;ref=7-1-3005045-1-0-0-0-0\" target=\"_blank\" rel=\"nofollow noopener\" data-subtag=\"7-1-3005045-1-0-0-0-0\" data-domain-name=\"counterpointresearch\">Counterpoints siffror<\/a> visar \u00e4nd\u00e5 att modellen stod f\u00f6r cirka fyra procent av den globala volymen, dess tredje raka kvartal i topp.<\/p>\n<p>Tredje kvartalet brukar inneb\u00e4ra en nedg\u00e5ng i v\u00e4ntan p\u00e5 nya modeller, men enligt rapporten d\u00e4mpades fallet av kampanjer i Indien samt en stabil \u00e5terh\u00e4mtning i Japan. P\u00e5 marknader som USA, Storbritannien och Kina sj\u00f6nk d\u00e4remot efterfr\u00e5gan p\u00e5 Iphone 16 Pro tydligare.<\/p>\n<p>J\u00e4mf\u00f6rt med \u00e5ret innan \u00e4r det \u00e4nd\u00e5 ett steg fram\u00e5t. Under Q3 2024 tog Iphone 15-serien de tre f\u00f6rsta platserna, men i \u00e5r n\u00e5dde dessutom Iphone 17 Pro Max en tiondeplats efter stark f\u00f6rs\u00e4ljning i september.<\/p>\n<p>Samsung var den enda andra tillverkaren som tog sig in p\u00e5 listan. Bolagets mellanklassmodeller Galaxy A16 5G, A06, A36 och A56 placerade sig p\u00e5 femte till nionde plats, med A16 5G som kvartalets h\u00f6gst rankade Androidtelefon.<\/p>\n","protected":false},"excerpt":{"rendered":"Trots h\u00e5rd konkurrens fr\u00e5n Androidmodeller och att den funnits p\u00e5 marknaden ett tag, var Iphone 16 den mest&hellip;\n","protected":false},"author":2,"featured_media":101744,"comment_status":"","ping_status":"","sticky":false,"template":"","format":"standard","meta":{"footnotes":""},"categories":[66],"tags":[80,78,79,34,31,33,32,30,81,84,83,82],"class_list":{"0":"post-101743","1":"post","2":"type-post","3":"status-publish","4":"format-standard","5":"has-post-thumbnail","7":"category-vetenskap-och-teknik","8":"tag-science","9":"tag-science-and-technology","10":"tag-scienceandtechnology","11":"tag-se","12":"tag-svenska","13":"tag-sverige","14":"tag-sweden","15":"tag-swedish","16":"tag-technology","17":"tag-teknik","18":"tag-vetenskap","19":"tag-vetenskapteknik"},"share_on_mastodon":{"url":"https:\/\/pubeurope.com\/@se\/115694414324630635","error":""},"_links":{"self":[{"href":"https:\/\/www.europesays.com\/se\/wp-json\/wp\/v2\/posts\/101743","targetHints":{"allow":["GET"]}}],"collection":[{"href":"https:\/\/www.europesays.com\/se\/wp-json\/wp\/v2\/posts"}],"about":[{"href":"https:\/\/www.europesays.com\/se\/wp-json\/wp\/v2\/types\/post"}],"author":[{"embeddable":true,"href":"https:\/\/www.europesays.com\/se\/wp-json\/wp\/v2\/users\/2"}],"replies":[{"embeddable":true,"href":"https:\/\/www.europesays.com\/se\/wp-json\/wp\/v2\/comments?post=101743"}],"version-history":[{"count":0,"href":"https:\/\/www.europesays.com\/se\/wp-json\/wp\/v2\/posts\/101743\/revisions"}],"wp:featuredmedia":[{"embeddable":true,"href":"https:\/\/www.europesays.com\/se\/wp-json\/wp\/v2\/media\/101744"}],"wp:attachment":[{"href":"https:\/\/www.europesays.com\/se\/wp-json\/wp\/v2\/media?parent=101743"}],"wp:term":[{"taxonomy":"category","embeddable":true,"href":"https:\/\/www.europesays.com\/se\/wp-json\/wp\/v2\/categories?post=101743"},{"taxonomy":"post_tag","embeddable":true,"href":"https:\/\/www.europesays.com\/se\/wp-json\/wp\/v2\/tags?post=101743"}],"curies":[{"name":"wp","href":"https:\/\/api.w.org\/{rel}","templated":true}]}}