{"id":101750,"date":"2025-12-10T08:58:10","date_gmt":"2025-12-10T08:58:10","guid":{"rendered":"https:\/\/www.europesays.com\/se\/101750\/"},"modified":"2025-12-10T08:58:10","modified_gmt":"2025-12-10T08:58:10","slug":"farre-nya-ansokningar-om-a-kassa-6","status":"publish","type":"post","link":"https:\/\/www.europesays.com\/se\/101750\/","title":{"rendered":"F\u00e4rre nya ans\u00f6kningar om a-kassa"},"content":{"rendered":"<p>Antalet nya ans\u00f6kningar om a-kassa forts\u00e4tter att minska. I november var de 5,6 procent f\u00e4rre \u00e4n vid senaste m\u00e4tningen i september. <\/p>\n<p>J\u00e4mf\u00f6rt med f\u00f6r ett \u00e5r sedan \u00e4r minskningen \u00e4nnu st\u00f6rre. Sedan november 2024 har antalet nya ans\u00f6kningar om arbetsl\u00f6shetsers\u00e4ttning minskat med 16,1 procent, enligt A-kasse-indikatorn fr\u00e5n Sveriges A-kassor. <\/p>\n<p>A-kasse-indikatorn m\u00e4ter m\u00e5nadsvis antalet nya ans\u00f6kningar om arbetsl\u00f6shetsers\u00e4ttning. <\/p>\n","protected":false},"excerpt":{"rendered":"Antalet nya ans\u00f6kningar om a-kassa forts\u00e4tter att minska. I november var de 5,6 procent f\u00e4rre \u00e4n vid senaste&hellip;\n","protected":false},"author":2,"featured_media":793,"comment_status":"","ping_status":"","sticky":false,"template":"","format":"standard","meta":{"footnotes":""},"categories":[65],"tags":[72,70,71,34,31,33,32,30],"class_list":{"0":"post-101750","1":"post","2":"type-post","3":"status-publish","4":"format-standard","5":"has-post-thumbnail","7":"category-ekonomi","8":"tag-business","9":"tag-economy","10":"tag-ekonomi","11":"tag-se","12":"tag-svenska","13":"tag-sverige","14":"tag-sweden","15":"tag-swedish"},"share_on_mastodon":{"url":"https:\/\/pubeurope.com\/@se\/115694449736222664","error":""},"_links":{"self":[{"href":"https:\/\/www.europesays.com\/se\/wp-json\/wp\/v2\/posts\/101750","targetHints":{"allow":["GET"]}}],"collection":[{"href":"https:\/\/www.europesays.com\/se\/wp-json\/wp\/v2\/posts"}],"about":[{"href":"https:\/\/www.europesays.com\/se\/wp-json\/wp\/v2\/types\/post"}],"author":[{"embeddable":true,"href":"https:\/\/www.europesays.com\/se\/wp-json\/wp\/v2\/users\/2"}],"replies":[{"embeddable":true,"href":"https:\/\/www.europesays.com\/se\/wp-json\/wp\/v2\/comments?post=101750"}],"version-history":[{"count":0,"href":"https:\/\/www.europesays.com\/se\/wp-json\/wp\/v2\/posts\/101750\/revisions"}],"wp:featuredmedia":[{"embeddable":true,"href":"https:\/\/www.europesays.com\/se\/wp-json\/wp\/v2\/media\/793"}],"wp:attachment":[{"href":"https:\/\/www.europesays.com\/se\/wp-json\/wp\/v2\/media?parent=101750"}],"wp:term":[{"taxonomy":"category","embeddable":true,"href":"https:\/\/www.europesays.com\/se\/wp-json\/wp\/v2\/categories?post=101750"},{"taxonomy":"post_tag","embeddable":true,"href":"https:\/\/www.europesays.com\/se\/wp-json\/wp\/v2\/tags?post=101750"}],"curies":[{"name":"wp","href":"https:\/\/api.w.org\/{rel}","templated":true}]}}