{"id":101756,"date":"2025-12-10T09:04:07","date_gmt":"2025-12-10T09:04:07","guid":{"rendered":"https:\/\/www.europesays.com\/se\/101756\/"},"modified":"2025-12-10T09:04:07","modified_gmt":"2025-12-10T09:04:07","slug":"8-sidor-ny-bok-av-krasznahorkai","status":"publish","type":"post","link":"https:\/\/www.europesays.com\/se\/101756\/","title":{"rendered":"8 Sidor &#8211; Ny bok av Krasznahorkai"},"content":{"rendered":"<p>F\u00f6rfattaren L\u00e1szl\u00f3 Krasznahorkai. Foto:  Claudio Bresciani\/TT<\/p>\n<p>L\u00e1szl\u00f3 Krasznahorkai fr\u00e5n Ungern<br \/>f\u00e5r \u00e5rets Nobelpris i litteratur.<br \/>Hans nya bok handlar om Ungern.<br \/>Den kom just ut p\u00e5 svenska.<\/p>\n<p>Boken heter<br \/><strong>Ungerska nationens s\u00e4kerhet: <\/strong><br \/><strong>en fj\u00e4rilsjakt<\/strong>.<br \/>Boken \u00e4r 170 sidor l\u00e5ng.<\/p>\n<p>Krasznahorkai \u00e4r k\u00e4nd<br \/>f\u00f6r att skriva sv\u00e5ra b\u00f6cker<br \/>med mycket l\u00e5nga meningar.<br \/>Meningarna kan vara<br \/>flera sidor i boken.<\/p>\n<p>Krasznahorkai f\u00f6ddes<br \/>i Ungern \u00e5r 1954.<br \/>Han l\u00e4mnade landet<br \/>\u00e5r 1987.<br \/>Sedan dess har han bott<br \/>i flera l\u00e4nder.<\/p>\n<p>Krasznahorkai \u00e4r kritisk<br \/>till Ungerns ledare Viktor Orb\u00e1n.<br \/>Han har sagt<br \/>att det \u00e4r fruktansv\u00e4rt<br \/>och mycket sv\u00e5rt i Ungern.<br \/>Det beror p\u00e5 politiken, s\u00e4ger han.<\/p>\n<p>Orb\u00e1ns politik \u00e4r nationalistisk<br \/>och l\u00e5ngt till h\u00f6ger.<br \/>Han \u00e4r kritisk till EU.<\/p>\n<p>P\u00e5 onsdagen f\u00e5r Krasznahorkai<br \/>Nobelpriset i Stockholm.<br \/>Priset \u00e4r en medalj<br \/>och elva miljoner kronor.<br \/>Utdelningen g\u00e5r att se i SVT.<br \/>S\u00e4ndningen b\u00f6rjar klockan 15.55.<\/p>\n<p>Senare i veckan<br \/>ska han tr\u00e4ffa elever<br \/>p\u00e5 biblioteket i Rinkeby.<br \/>Eleverna har jobbat<br \/>med hans texter.<\/p>\n<p>8 SIDOR\/TT<\/p>\n","protected":false},"excerpt":{"rendered":"F\u00f6rfattaren L\u00e1szl\u00f3 Krasznahorkai. Foto: Claudio Bresciani\/TT L\u00e1szl\u00f3 Krasznahorkai fr\u00e5n Ungernf\u00e5r \u00e5rets Nobelpris i litteratur.Hans nya bok handlar om&hellip;\n","protected":false},"author":2,"featured_media":101757,"comment_status":"","ping_status":"","sticky":false,"template":"","format":"standard","meta":{"footnotes":""},"categories":[67],"tags":[104,34,31,33,32,30,105],"class_list":{"0":"post-101756","1":"post","2":"type-post","3":"status-publish","4":"format-standard","5":"has-post-thumbnail","7":"category-underhallning","8":"tag-entertainment","9":"tag-se","10":"tag-svenska","11":"tag-sverige","12":"tag-sweden","13":"tag-swedish","14":"tag-underhallning"},"share_on_mastodon":{"url":"https:\/\/pubeurope.com\/@se\/115694473434542922","error":""},"_links":{"self":[{"href":"https:\/\/www.europesays.com\/se\/wp-json\/wp\/v2\/posts\/101756","targetHints":{"allow":["GET"]}}],"collection":[{"href":"https:\/\/www.europesays.com\/se\/wp-json\/wp\/v2\/posts"}],"about":[{"href":"https:\/\/www.europesays.com\/se\/wp-json\/wp\/v2\/types\/post"}],"author":[{"embeddable":true,"href":"https:\/\/www.europesays.com\/se\/wp-json\/wp\/v2\/users\/2"}],"replies":[{"embeddable":true,"href":"https:\/\/www.europesays.com\/se\/wp-json\/wp\/v2\/comments?post=101756"}],"version-history":[{"count":0,"href":"https:\/\/www.europesays.com\/se\/wp-json\/wp\/v2\/posts\/101756\/revisions"}],"wp:featuredmedia":[{"embeddable":true,"href":"https:\/\/www.europesays.com\/se\/wp-json\/wp\/v2\/media\/101757"}],"wp:attachment":[{"href":"https:\/\/www.europesays.com\/se\/wp-json\/wp\/v2\/media?parent=101756"}],"wp:term":[{"taxonomy":"category","embeddable":true,"href":"https:\/\/www.europesays.com\/se\/wp-json\/wp\/v2\/categories?post=101756"},{"taxonomy":"post_tag","embeddable":true,"href":"https:\/\/www.europesays.com\/se\/wp-json\/wp\/v2\/tags?post=101756"}],"curies":[{"name":"wp","href":"https:\/\/api.w.org\/{rel}","templated":true}]}}