{"id":101763,"date":"2025-12-10T09:12:09","date_gmt":"2025-12-10T09:12:09","guid":{"rendered":"https:\/\/www.europesays.com\/se\/101763\/"},"modified":"2025-12-10T09:12:09","modified_gmt":"2025-12-10T09:12:09","slug":"de-deltar-pa-nobel-prinsessan-hemma-med-barnen","status":"publish","type":"post","link":"https:\/\/www.europesays.com\/se\/101763\/","title":{"rendered":"De deltar p\u00e5 Nobel \u2013 prinsessan hemma med barnen"},"content":{"rendered":"<p>share-arrowDela<\/p>\n<p>unsaveSpara<\/p>\n<p>expand-left<\/p>\n<p>helsk\u00e4rm<img decoding=\"async\" class=\"image-asset hyperion-css-u06ts1\" data-test-tag=\"image-asset\" src=\"https:\/\/www.europesays.com\/se\/wp-content\/uploads\/2025\/12\/1c4345c9-447f-4bc0-8e0f-0d2f9203dbb1\"  alt=\"Kung Carl Gustaf och drottning Silvia och vid fjol\u00e5rets Nobelprisutdelning. Arkivbild.\"  loading=\"eager\" fetchpriority=\"high\" style=\"aspect-ratio:1900 \/ 1267\"\/>Kung Carl Gustaf och drottning Silvia och vid fjol\u00e5rets Nobelprisutdelning. Arkivbild. Foto: Pontus Lundahl\/TT<\/p>\n<p class=\"hyperion-css-1v9qo5x\">\u00c5rets Nobelprisutdelning och Nobelfest g\u00e4stas av kung Carl Gustaf, drottning Silvia, kronprinsessan Victoria, pris Daniel, prins Carl Philip, prinsessan Madeleine och Christopher O&#8217;Neill. Prinsessan Sofia d\u00e4remot meddelade tidigt i h\u00f6stas att hon inte deltar, uppger hovet.<\/p>\n<p class=\"hyperion-css-1v9qo5x\">\u201dHon \u00e4r hemma med barnen. Lilla Ines f\u00f6ddes i v\u00e5ras. Prinsessan har avst\u00e5tt fr\u00e5n flera officiella program i \u00e5r med anledning av barnaf\u00f6dseln\u201d skriver hovets informationschef Margareta Thorgren i ett sms.<\/p>\n","protected":false},"excerpt":{"rendered":"share-arrowDela unsaveSpara expand-left helsk\u00e4rmKung Carl Gustaf och drottning Silvia och vid fjol\u00e5rets Nobelprisutdelning. Arkivbild. Foto: Pontus Lundahl\/TT \u00c5rets&hellip;\n","protected":false},"author":2,"featured_media":101764,"comment_status":"","ping_status":"","sticky":false,"template":"","format":"standard","meta":{"footnotes":""},"categories":[67],"tags":[104,34,31,33,32,30,105],"class_list":{"0":"post-101763","1":"post","2":"type-post","3":"status-publish","4":"format-standard","5":"has-post-thumbnail","7":"category-underhallning","8":"tag-entertainment","9":"tag-se","10":"tag-svenska","11":"tag-sverige","12":"tag-sweden","13":"tag-swedish","14":"tag-underhallning"},"share_on_mastodon":{"url":"https:\/\/pubeurope.com\/@se\/115694504989428654","error":""},"_links":{"self":[{"href":"https:\/\/www.europesays.com\/se\/wp-json\/wp\/v2\/posts\/101763","targetHints":{"allow":["GET"]}}],"collection":[{"href":"https:\/\/www.europesays.com\/se\/wp-json\/wp\/v2\/posts"}],"about":[{"href":"https:\/\/www.europesays.com\/se\/wp-json\/wp\/v2\/types\/post"}],"author":[{"embeddable":true,"href":"https:\/\/www.europesays.com\/se\/wp-json\/wp\/v2\/users\/2"}],"replies":[{"embeddable":true,"href":"https:\/\/www.europesays.com\/se\/wp-json\/wp\/v2\/comments?post=101763"}],"version-history":[{"count":0,"href":"https:\/\/www.europesays.com\/se\/wp-json\/wp\/v2\/posts\/101763\/revisions"}],"wp:featuredmedia":[{"embeddable":true,"href":"https:\/\/www.europesays.com\/se\/wp-json\/wp\/v2\/media\/101764"}],"wp:attachment":[{"href":"https:\/\/www.europesays.com\/se\/wp-json\/wp\/v2\/media?parent=101763"}],"wp:term":[{"taxonomy":"category","embeddable":true,"href":"https:\/\/www.europesays.com\/se\/wp-json\/wp\/v2\/categories?post=101763"},{"taxonomy":"post_tag","embeddable":true,"href":"https:\/\/www.europesays.com\/se\/wp-json\/wp\/v2\/tags?post=101763"}],"curies":[{"name":"wp","href":"https:\/\/api.w.org\/{rel}","templated":true}]}}