{"id":101789,"date":"2025-12-10T09:35:10","date_gmt":"2025-12-10T09:35:10","guid":{"rendered":"https:\/\/www.europesays.com\/se\/101789\/"},"modified":"2025-12-10T09:35:10","modified_gmt":"2025-12-10T09:35:10","slug":"bjorn-borgs-ekonomiska-rekordar-tog-miljonutdelning-sport","status":"publish","type":"post","link":"https:\/\/www.europesays.com\/se\/101789\/","title":{"rendered":"Bj\u00f6rn Borgs ekonomiska rekord\u00e5r\u00a0\u2013 tog miljonutdelning | Sport"},"content":{"rendered":"<p>Publicerad 10 dec 2025 kl 09.49<\/p>\n<p>Bj\u00f6rn Borgs sj\u00e4lvbiografi seglade snabbt upp p\u00e5 topplistorna n\u00e4r den sl\u00e4pptes i h\u00f6stas.\u00a0<\/p>\n<p>Men det \u00e4r inte bara i bokbranschen som tennisikonen g\u00f6r succ\u00e9.\u00a0<\/p>\n<p>Den senaste \u00e5rsredovisningen f\u00f6r Borgs bolag visar p\u00e5 ett ekonomiskt rekord\u00e5r.\u00a0<\/p>\n<p><img loading=\"lazy\"   alt=\"\"\/><\/p>\n<p>Bj\u00f6rn Borg.<\/p>\n<p>Foto: Fredrik Edling \/ SVT<\/p>\n<p>\u00d6ppna bild i helsk\u00e4rm<img loading=\"lazy\"   alt=\"\"\/><\/p>\n<p>Patricia och Bj\u00f6rn Borg.<\/p>\n<p>Foto: Bruno Bebert \/ BEST IMAGE\/IBL<\/p>\n<p>\u00d6ppna bild i helsk\u00e4rm<\/p>\n<p><a href=\"https:\/\/www.expressen.se\/tagg\/person\/bjorn-borg\/\" class=\"\" rel=\"nofollow noopener\" target=\"_blank\">Bj\u00f6rn Borg<\/a>, 69, har h\u00e5llit l\u00e5g profil under l\u00e5ng tid. Men i september i \u00e5r sl\u00e4ppte han sj\u00e4lvbiografin \u201dHj\u00e4rtslag\u201d som han skrivit tillsammans med hustrun Patricia Borg. \u00a0<\/p>\n<p>Artikeln i korthet<\/p>\n<p>I h\u00f6stas sl\u00e4ppte Bj\u00f6rn Borg sj\u00e4lvbiografin \u201dHj\u00e4rtslag\u201d som han skrivit tillsammans med hustrun Patricia. En bok som direkt blev en stors\u00e4ljare. \u00c4ven ekonomiskt har paret Borg ett rekord\u00e5r bakom sig.\u00a0<\/p>\n<p>Visa mer<\/p>\n<p>Den f\u00f6re detta tennisstj\u00e4rnan ber\u00e4ttar bland annat i boken om varf\u00f6r han avslutade karri\u00e4ren redan som 26-\u00e5ring. Men ocks\u00e5 bitar fr\u00e5n privatlivet som under en tid kantades av drogproblem.\u00a0<\/p>\n<p>Boken tog sig snabbt upp i topp p\u00e5 de svenska f\u00f6rs\u00e4ljningslistorna och har \u00e4ven sl\u00e4ppts i flera l\u00e4nder utomlands.<\/p>\n<p>Vid sidan om boksucc\u00e9n finns det fler saker f\u00f6r Borg att gl\u00e4djas \u00e5t.\u00a0<\/p>\n<p>I \u00e5rsredovisningen f\u00f6r hans bolag, Legend Marketing and Promotion, st\u00e5r det klart att Borg har ett ekonomiskt rekord\u00e5r bakom sig.\u00a0<\/p>\n<p>Bj\u00f6rn Borgs rekord\u00e5r<\/p>\n<p>Bolaget \u00e4gs delat av Bj\u00f6rn Borg och hustrun Patricia, n\u00e5got som Expressen har rapporterat tidigare om.\u00a0<\/p>\n<p>Under det g\u00e5ngna r\u00e4kneskaps\u00e5ret (juli 2024\u2013juni 2025) hade bolaget 9,5 miljoner kronor i int\u00e4kter som \u00e4r bokf\u00f6rda som \u201dfakturerade arvoden\u201d.\u00a0<\/p>\n<p>Plusresultat ligger p\u00e5 n\u00e4stan 6,5 miljoner f\u00f6re skatt. Ett resultat och en oms\u00e4ttning som tennisikonen aldrig tidigare n\u00e5tt med bolaget.<\/p>\n<p><img loading=\"lazy\"   alt=\"\"\/><\/p>\n<p>Bj\u00f6rn och Patricia Borg.<\/p>\n<p>Foto: Linus Sundahl-Djerf \/ DN TT NYHETSBYR\u00c5N<\/p>\n<p>\u00d6ppna bild i helsk\u00e4rmTio miljoner p\u00e5 banken<\/p>\n<p>Bj\u00f6rn och Patricia Borg tog en ordinarie utdelning p\u00e5 1,6 miljoner och en extra utdelning p\u00e5 1,08 miljoner under r\u00e4kenskaps\u00e5ret, enligt \u00e5rsredovisningen.\u00a0<\/p>\n<p>Paret har nu n\u00e4stan tio miljoner kronor p\u00e5 banken i sitt bolag och 15 miljoner i eget kapital.\u00a0<\/p>\n<p><img loading=\"lazy\"   alt=\"\"\/><\/p>\n<p>Bj\u00f6rn Borg vann Wimbledon fem g\u00e5nger.<\/p>\n<p>Foto: IMAGO\/IBL<\/p>\n<p>\u00d6ppna bild i helsk\u00e4rmF\u00e5 jobbuppdrag\u00a0<\/p>\n<p>Under de senaste \u00e5ren har Bj\u00f6rn Borg haft sparsamt med jobbuppdrag. Men han har bland annat haft ett kommersiellt samarbete med Sibylla och varit kapten f\u00f6r \u201dlag Europa\u201d i tennisturneringen Laver Cup. D\u00e4r gjorde han dock sitt sista framtr\u00e4dande som kapten 2024.\u00a0<\/p>\n<p>I samband med att sj\u00e4lvbiografin \u201dHj\u00e4rtslag\u201d sl\u00e4pptes ber\u00e4ttade paret Borg i intervjuer att man jobbat med bokprojektet under tre \u00e5rs tid.<\/p>\n","protected":false},"excerpt":{"rendered":"Publicerad 10 dec 2025 kl 09.49 Bj\u00f6rn Borgs sj\u00e4lvbiografi seglade snabbt upp p\u00e5 topplistorna n\u00e4r den sl\u00e4pptes i&hellip;\n","protected":false},"author":2,"featured_media":101790,"comment_status":"","ping_status":"","sticky":false,"template":"","format":"standard","meta":{"footnotes":""},"categories":[68],"tags":[308,34,111,110,31,33,32,30],"class_list":{"0":"post-101789","1":"post","2":"type-post","3":"status-publish","4":"format-standard","5":"has-post-thumbnail","7":"category-sport","8":"tag-person-bjorn-borg","9":"tag-se","10":"tag-sport","11":"tag-sports","12":"tag-svenska","13":"tag-sverige","14":"tag-sweden","15":"tag-swedish"},"share_on_mastodon":{"url":"https:\/\/pubeurope.com\/@se\/115694595438820111","error":""},"_links":{"self":[{"href":"https:\/\/www.europesays.com\/se\/wp-json\/wp\/v2\/posts\/101789","targetHints":{"allow":["GET"]}}],"collection":[{"href":"https:\/\/www.europesays.com\/se\/wp-json\/wp\/v2\/posts"}],"about":[{"href":"https:\/\/www.europesays.com\/se\/wp-json\/wp\/v2\/types\/post"}],"author":[{"embeddable":true,"href":"https:\/\/www.europesays.com\/se\/wp-json\/wp\/v2\/users\/2"}],"replies":[{"embeddable":true,"href":"https:\/\/www.europesays.com\/se\/wp-json\/wp\/v2\/comments?post=101789"}],"version-history":[{"count":0,"href":"https:\/\/www.europesays.com\/se\/wp-json\/wp\/v2\/posts\/101789\/revisions"}],"wp:featuredmedia":[{"embeddable":true,"href":"https:\/\/www.europesays.com\/se\/wp-json\/wp\/v2\/media\/101790"}],"wp:attachment":[{"href":"https:\/\/www.europesays.com\/se\/wp-json\/wp\/v2\/media?parent=101789"}],"wp:term":[{"taxonomy":"category","embeddable":true,"href":"https:\/\/www.europesays.com\/se\/wp-json\/wp\/v2\/categories?post=101789"},{"taxonomy":"post_tag","embeddable":true,"href":"https:\/\/www.europesays.com\/se\/wp-json\/wp\/v2\/tags?post=101789"}],"curies":[{"name":"wp","href":"https:\/\/api.w.org\/{rel}","templated":true}]}}