{"id":101805,"date":"2025-12-10T09:50:08","date_gmt":"2025-12-10T09:50:08","guid":{"rendered":"https:\/\/www.europesays.com\/se\/101805\/"},"modified":"2025-12-10T09:50:08","modified_gmt":"2025-12-10T09:50:08","slug":"attaarig-flicka-isoleras-fran-sina-foraldrar","status":"publish","type":"post","link":"https:\/\/www.europesays.com\/se\/101805\/","title":{"rendered":"\u00c5tta\u00e5rig flicka isoleras fr\u00e5n sina f\u00f6r\u00e4ldrar"},"content":{"rendered":"<p>En flicka i \u00e5tta\u00e5rs\u00e5ldern placerades i jourhem i somras och har sedan dess h\u00e5llits isolerad fr\u00e5n sina f\u00f6r\u00e4ldrar. Det rapporterar Ekot. <\/p>\n<p>Flickan har en ovanlig tarmsjukdom och sjukv\u00e5rden har anklagat mamman f\u00f6r att \u00f6verdriva flickans symtom, bland annat om att hon riskerar att d\u00f6. D\u00e4rf\u00f6r anser socialtj\u00e4nsten att f\u00f6r\u00e4ldrarna inte f\u00e5r tr\u00e4ffa flickan, f\u00f6r att hon inte ska bli p\u00e5verkad av dem. <\/p>\n<p>Den enda kontakten hon f\u00e5r ha med dem \u00e4r handskrivna brev som socialtj\u00e4nsten l\u00e4ser.<\/p>\n<p>Flickans fall \u00e4r anm\u00e4rkningsv\u00e4rt s\u00e4ger Pia Arsonsson, tidigare studierektor f\u00f6r socionomutbildningen vid \u00d6rebro universitet, som Ekot har pratat med.<\/p>\n<p>\u2013 Det \u00e4r ett allvarligt ingrepp i ett barns liv att bli helt separerad ifr\u00e5n sina f\u00f6r\u00e4ldrar, s\u00e4ger hon. <\/p>\n<p>Omni \u00e4r politiskt obundna och oberoende. Vi str\u00e4var efter att ge fler perspektiv p\u00e5 nyheterna. Har du fr\u00e5gor eller synpunkter kring v\u00e5r rapportering? <a href=\"https:\/\/omni.se\/attaarig-flicka-isoleras-fran-sina-foraldrar\/a\/mailto:redaktion@omni.se\" class=\"ArticleActions_contactLink__W2F1M\" rel=\"nofollow noopener\" target=\"_blank\">Kontakta redaktionen<\/a><\/p>\n","protected":false},"excerpt":{"rendered":"En flicka i \u00e5tta\u00e5rs\u00e5ldern placerades i jourhem i somras och har sedan dess h\u00e5llits isolerad fr\u00e5n sina f\u00f6r\u00e4ldrar.&hellip;\n","protected":false},"author":2,"featured_media":101806,"comment_status":"","ping_status":"","sticky":false,"template":"","format":"standard","meta":{"footnotes":""},"categories":[5],"tags":[22,23,3511,26,27,17,21,24,25,28,29,15,16,18,34,8060,31,33,32,30,19,20,330],"class_list":{"0":"post-101805","1":"post","2":"type-post","3":"status-publish","4":"format-standard","5":"has-post-thumbnail","7":"category-rubriker","8":"tag-breaking-news","9":"tag-breakingnews","10":"tag-familj","11":"tag-featured-news","12":"tag-featurednews","13":"tag-headlines","14":"tag-huvudnyheter","15":"tag-latest-news","16":"tag-latestnews","17":"tag-main-news","18":"tag-mainnews","19":"tag-news","20":"tag-nyheter","21":"tag-rubriker","22":"tag-se","23":"tag-socialtjansten","24":"tag-svenska","25":"tag-sverige","26":"tag-sweden","27":"tag-swedish","28":"tag-top-stories","29":"tag-topstories","30":"tag-vard-omsorg"},"share_on_mastodon":{"url":"https:\/\/pubeurope.com\/@se\/115694654167938749","error":""},"_links":{"self":[{"href":"https:\/\/www.europesays.com\/se\/wp-json\/wp\/v2\/posts\/101805","targetHints":{"allow":["GET"]}}],"collection":[{"href":"https:\/\/www.europesays.com\/se\/wp-json\/wp\/v2\/posts"}],"about":[{"href":"https:\/\/www.europesays.com\/se\/wp-json\/wp\/v2\/types\/post"}],"author":[{"embeddable":true,"href":"https:\/\/www.europesays.com\/se\/wp-json\/wp\/v2\/users\/2"}],"replies":[{"embeddable":true,"href":"https:\/\/www.europesays.com\/se\/wp-json\/wp\/v2\/comments?post=101805"}],"version-history":[{"count":0,"href":"https:\/\/www.europesays.com\/se\/wp-json\/wp\/v2\/posts\/101805\/revisions"}],"wp:featuredmedia":[{"embeddable":true,"href":"https:\/\/www.europesays.com\/se\/wp-json\/wp\/v2\/media\/101806"}],"wp:attachment":[{"href":"https:\/\/www.europesays.com\/se\/wp-json\/wp\/v2\/media?parent=101805"}],"wp:term":[{"taxonomy":"category","embeddable":true,"href":"https:\/\/www.europesays.com\/se\/wp-json\/wp\/v2\/categories?post=101805"},{"taxonomy":"post_tag","embeddable":true,"href":"https:\/\/www.europesays.com\/se\/wp-json\/wp\/v2\/tags?post=101805"}],"curies":[{"name":"wp","href":"https:\/\/api.w.org\/{rel}","templated":true}]}}