{"id":101836,"date":"2025-12-10T10:21:04","date_gmt":"2025-12-10T10:21:04","guid":{"rendered":"https:\/\/www.europesays.com\/se\/101836\/"},"modified":"2025-12-10T10:21:04","modified_gmt":"2025-12-10T10:21:04","slug":"google-photos-far-forbattrad-videoredigering","status":"publish","type":"post","link":"https:\/\/www.europesays.com\/se\/101836\/","title":{"rendered":"Google Photos f\u00e5r f\u00f6rb\u00e4ttrad videoredigering"},"content":{"rendered":"<p>Photos f\u00f6r Android och IOS erbjuder nu en f\u00f6rb\u00e4ttrad videoeditor som enligt Google \u00e4r snabbare och enklare. Anv\u00e4ndare f\u00e5r en riktig tidslinje med individuella klipp som kan besk\u00e4ras och flyttas runt i stil med Powerdirector f\u00f6r Android.<\/p>\n<p>Det g\u00e5r att l\u00e4gga till musik fr\u00e5n ett inbyggt arkiv, l\u00e4gga till text med olika f\u00e4rger och typsnitt och storlekar, samt redigera och anpassa enskilda klipp. Google skriver att alla nyheterna antingen redan \u00e4r tillg\u00e4ngliga eller \u00e4r p\u00e5 v\u00e4g ut till anv\u00e4ndare.<\/p>\n","protected":false},"excerpt":{"rendered":"Photos f\u00f6r Android och IOS erbjuder nu en f\u00f6rb\u00e4ttrad videoeditor som enligt Google \u00e4r snabbare och enklare. Anv\u00e4ndare&hellip;\n","protected":false},"author":2,"featured_media":101837,"comment_status":"","ping_status":"","sticky":false,"template":"","format":"standard","meta":{"footnotes":""},"categories":[66],"tags":[80,78,79,34,31,33,32,30,81,84,83,82],"class_list":{"0":"post-101836","1":"post","2":"type-post","3":"status-publish","4":"format-standard","5":"has-post-thumbnail","7":"category-vetenskap-och-teknik","8":"tag-science","9":"tag-science-and-technology","10":"tag-scienceandtechnology","11":"tag-se","12":"tag-svenska","13":"tag-sverige","14":"tag-sweden","15":"tag-swedish","16":"tag-technology","17":"tag-teknik","18":"tag-vetenskap","19":"tag-vetenskapteknik"},"share_on_mastodon":{"url":"https:\/\/pubeurope.com\/@se\/115694776007846252","error":""},"_links":{"self":[{"href":"https:\/\/www.europesays.com\/se\/wp-json\/wp\/v2\/posts\/101836","targetHints":{"allow":["GET"]}}],"collection":[{"href":"https:\/\/www.europesays.com\/se\/wp-json\/wp\/v2\/posts"}],"about":[{"href":"https:\/\/www.europesays.com\/se\/wp-json\/wp\/v2\/types\/post"}],"author":[{"embeddable":true,"href":"https:\/\/www.europesays.com\/se\/wp-json\/wp\/v2\/users\/2"}],"replies":[{"embeddable":true,"href":"https:\/\/www.europesays.com\/se\/wp-json\/wp\/v2\/comments?post=101836"}],"version-history":[{"count":0,"href":"https:\/\/www.europesays.com\/se\/wp-json\/wp\/v2\/posts\/101836\/revisions"}],"wp:featuredmedia":[{"embeddable":true,"href":"https:\/\/www.europesays.com\/se\/wp-json\/wp\/v2\/media\/101837"}],"wp:attachment":[{"href":"https:\/\/www.europesays.com\/se\/wp-json\/wp\/v2\/media?parent=101836"}],"wp:term":[{"taxonomy":"category","embeddable":true,"href":"https:\/\/www.europesays.com\/se\/wp-json\/wp\/v2\/categories?post=101836"},{"taxonomy":"post_tag","embeddable":true,"href":"https:\/\/www.europesays.com\/se\/wp-json\/wp\/v2\/tags?post=101836"}],"curies":[{"name":"wp","href":"https:\/\/api.w.org\/{rel}","templated":true}]}}