{"id":101851,"date":"2025-12-10T10:50:07","date_gmt":"2025-12-10T10:50:07","guid":{"rendered":"https:\/\/www.europesays.com\/se\/101851\/"},"modified":"2025-12-10T10:50:07","modified_gmt":"2025-12-10T10:50:07","slug":"misstankt-fagelinfluensa-jagare-avlivade-gass","status":"publish","type":"post","link":"https:\/\/www.europesays.com\/se\/101851\/","title":{"rendered":"Misst\u00e4nkt f\u00e5gelinfluensa \u2013 j\u00e4gare avlivade g\u00e4ss"},"content":{"rendered":"<p>\n        Tre sjuka och oskygga vitkindade g\u00e4ss har avlivats av j\u00e4gare p\u00e5 Gotland. Tv\u00e5 av kropparna ska unders\u00f6kas av SVA eftersom det troligen handlar om f\u00e5gelinfluensa.<br \/>\n        Arkivfoto: Getty Images\n    <\/p>\n<p>J\u00e4gare har avlivat vitkindade g\u00e4ss<br \/>\np\u00e5 mellersta Gotland och tv\u00e5 av kropparna har s\u00e4nts f\u00f6r analys p\u00e5 grund av misst\u00e4nkt<br \/>\nf\u00e5gelinfluensa.<\/p>\n<p class=\"font-weight-normal m-font-weight-normal\" data-lab-font_weight=\"font-weight-normal\">Sjuka och oskygga vitkindade g\u00e4ss<br \/>\nuppt\u00e4cktes f\u00f6rst p\u00e5 \u00d6land. <\/p>\n<p class=\"font-weight-normal m-font-weight-normal\" data-lab-font_weight=\"font-weight-normal\">I helgen observerades samma fenomen<br \/>\np\u00e5 en \u00e5ker i Vallstena p\u00e5 mellersta Gotland. De vitkindade g\u00e4ssen hade ett<br \/>\nf\u00f6r\u00e4ndrat beteende. D\u00e4rf\u00f6r blev de avlivade. <\/p>\n<p>Ska unders\u00f6kas av SVA<\/p>\n<p class=\"font-weight-normal m-font-weight-normal\" data-lab-font_weight=\"font-weight-normal\">Det inneb\u00e4r att Statens veterin\u00e4rmedicinska<br \/>\nanstalt, SVA, i Uppsala nu ska unders\u00f6ka fler d\u00f6da f\u00e5glar f\u00f6r att f\u00e5 en bild av<br \/>\nsmittl\u00e4get n\u00e4r det g\u00e4ller f\u00e5gelinfluensa.<\/p>\n<p class=\"font-weight-normal m-font-weight-normal\" data-lab-font_weight=\"font-weight-normal\">\u2013<br \/>\nTre g\u00e4ss blev avlivade av j\u00e4gare i s\u00f6ndags och tv\u00e5 av dem skickades i dag till<br \/>\nSVA f\u00f6r analys, s\u00e4ger l\u00e4nsveterin\u00e4r Ebba Schwan till <a href=\"https:\/\/www.helagotland.se\/nyheter\/gotland\/artikel\/misstankt-fagelinfluensa-pa-gotland-analyseras\/jdod6e4l\" rel=\"nofollow noopener\" target=\"_blank\">Gotlands Allehanda.<\/a><\/p>\n<p>Gotland<br \/>\n\u00e4r h\u00f6griskomr\u00e5de<\/p>\n<p class=\"font-weight-normal m-font-weight-normal\" data-lab-font_weight=\"font-weight-normal\">Det<br \/>\nmisst\u00e4nks att g\u00e4ssen drabbats av den mycket smittsamma f\u00e5gelinfluensan.<\/p>\n<p class=\"font-weight-normal m-font-weight-normal\" data-lab-font_weight=\"font-weight-normal\">\u2013<br \/>\nSedan en tid finns beslut fr\u00e5n Jordbruksverket att Gotland ing\u00e5r i ett<br \/>\nh\u00f6griskomr\u00e5de. Det inneb\u00e4r att man ska r\u00e4kna med att virus kan finnas bland<br \/>\nvilda f\u00e5glar och det h\u00e4r blir en bekr\u00e4ftelse p\u00e5 det, till\u00e4gger Ebba Schwan i<br \/>\nGotlands Allehanda.<\/p>\n<p class=\"font-weight-normal m-font-weight-normal\" data-lab-font_weight=\"font-weight-normal\">Det<br \/>\n\u00e4r inte allm\u00e4n jakt p\u00e5 vitkindade g\u00e4ss, men skyddsjakt kan till\u00e5tas om de<br \/>\nh\u00e4rjar f\u00f6r mycket p\u00e5 f\u00e4lt med gr\u00f6dor.<\/p>\n<p>Ska<br \/>\ninte hanteras av m\u00e4nniskor eller hundar<\/p>\n<p class=\"font-weight-normal m-font-weight-normal\" data-lab-font_weight=\"font-weight-normal\">I ett<br \/>\nh\u00f6griskomr\u00e5de ska m\u00e4nniskor inte hantera sjuka eller d\u00f6da f\u00e5glar. Inte heller hundar<br \/>\nska b\u00e4ra p\u00e5 dem. <\/p>\n<p class=\"font-weight-normal m-font-weight-normal\" data-lab-font_weight=\"font-weight-normal\">\u2013 Allm\u00e4n<br \/>\nhygien och att tv\u00e4tta h\u00e4nderna g\u00e4ller n\u00e4r man har vistats i ett omr\u00e5de med<br \/>\nsj\u00f6f\u00e5gel, p\u00e5pekar Ebba Schwan f\u00f6r lokaltidningen.<\/p>\n<p>B\u00f6r anm\u00e4las till SVA<\/p>\n<p class=\"font-weight-normal m-font-weight-normal\" data-lab-font_weight=\"font-weight-normal\">Den<br \/>\nsom hittar sjuka eller d\u00f6da f\u00e5glar uppmanas att anm\u00e4la fynden omg\u00e5ende via SVA:s<br \/>\nwebbtj\u00e4nst.<\/p>\n<p class=\"font-weight-normal m-font-weight-normal\" data-lab-font_weight=\"font-weight-normal\">Under<br \/>\nh\u00f6sten har n\u00e4rmare 40 000 tranor d\u00f6tt av f\u00e5gelinfluensa p\u00e5 rastplatser l\u00e4ngs<br \/>\nflyttv\u00e4garna i Europa. <\/p>\n<p>55<br \/>\n000 fj\u00e4derf\u00e4n avlivades<\/p>\n<p class=\"font-weight-normal m-font-weight-normal\" data-lab-font_weight=\"font-weight-normal\">Det<br \/>\nfinns \u00e4ven smittfall bland fj\u00e4derf\u00e4n p\u00e5 g\u00e5rdar. I november m\u00e5ste 55 000 f\u00e5glar<br \/>\navlivas p\u00e5 en g\u00e5rd i Sk\u00e5ne.<\/p>\n","protected":false},"excerpt":{"rendered":"Tre sjuka och oskygga vitkindade g\u00e4ss har avlivats av j\u00e4gare p\u00e5 Gotland. Tv\u00e5 av kropparna ska unders\u00f6kas av&hellip;\n","protected":false},"author":2,"featured_media":101852,"comment_status":"","ping_status":"","sticky":false,"template":"","format":"standard","meta":{"footnotes":""},"categories":[69],"tags":[113,112,34,31,33,32,30],"class_list":{"0":"post-101851","1":"post","2":"type-post","3":"status-publish","4":"format-standard","5":"has-post-thumbnail","7":"category-halsa","8":"tag-halsa","9":"tag-health","10":"tag-se","11":"tag-svenska","12":"tag-sverige","13":"tag-sweden","14":"tag-swedish"},"share_on_mastodon":{"url":"https:\/\/pubeurope.com\/@se\/115694890200711218","error":""},"_links":{"self":[{"href":"https:\/\/www.europesays.com\/se\/wp-json\/wp\/v2\/posts\/101851","targetHints":{"allow":["GET"]}}],"collection":[{"href":"https:\/\/www.europesays.com\/se\/wp-json\/wp\/v2\/posts"}],"about":[{"href":"https:\/\/www.europesays.com\/se\/wp-json\/wp\/v2\/types\/post"}],"author":[{"embeddable":true,"href":"https:\/\/www.europesays.com\/se\/wp-json\/wp\/v2\/users\/2"}],"replies":[{"embeddable":true,"href":"https:\/\/www.europesays.com\/se\/wp-json\/wp\/v2\/comments?post=101851"}],"version-history":[{"count":0,"href":"https:\/\/www.europesays.com\/se\/wp-json\/wp\/v2\/posts\/101851\/revisions"}],"wp:featuredmedia":[{"embeddable":true,"href":"https:\/\/www.europesays.com\/se\/wp-json\/wp\/v2\/media\/101852"}],"wp:attachment":[{"href":"https:\/\/www.europesays.com\/se\/wp-json\/wp\/v2\/media?parent=101851"}],"wp:term":[{"taxonomy":"category","embeddable":true,"href":"https:\/\/www.europesays.com\/se\/wp-json\/wp\/v2\/categories?post=101851"},{"taxonomy":"post_tag","embeddable":true,"href":"https:\/\/www.europesays.com\/se\/wp-json\/wp\/v2\/tags?post=101851"}],"curies":[{"name":"wp","href":"https:\/\/api.w.org\/{rel}","templated":true}]}}