{"id":101861,"date":"2025-12-10T10:59:15","date_gmt":"2025-12-10T10:59:15","guid":{"rendered":"https:\/\/www.europesays.com\/se\/101861\/"},"modified":"2025-12-10T10:59:15","modified_gmt":"2025-12-10T10:59:15","slug":"henrik-gradin-overens-med-modo-om-nytt-kontrakt","status":"publish","type":"post","link":"https:\/\/www.europesays.com\/se\/101861\/","title":{"rendered":"Henrik Gradin \u00f6verens med Modo om nytt kontrakt"},"content":{"rendered":"<p>Publicerad 10 dec 2025 kl 11.07<\/p>\n<p>F\u00f6rhandlingarna har p\u00e5g\u00e5tt en tid.<\/p>\n<p>Nu \u00e4r det klart.<\/p>\n<p>Modos sportchef Henrik Gradin har skrivit p\u00e5 ett nytt avtal med klubben, erfar Expressen.<\/p>\n<p><img   alt=\"\"\/> <\/p>\n<p>Foto: JONAS FORSBERG \/ BILDBYR\u00c5N<\/p>\n<p>\u00d6ppna bild i helsk\u00e4rm<\/p>\n<p>De senaste veckorna har varit turbulenta f\u00f6r <a href=\"https:\/\/www.expressen.se\/tagg\/organization\/modo\/\" class=\"\" rel=\"nofollow noopener\" target=\"_blank\">Modo<\/a>.<\/p>\n<p>Klubbens herrlag har g\u00e5tt tungt, och under helgen valde ledningen att offra tr\u00e4naren Mattias Karlin, samtidigt som man \u00e4ven jagar f\u00f6rst\u00e4rkningar.\u00a0<\/p>\n<p>Efter f\u00f6rlusten mot Troja-Ljungby f\u00f6r en vecka sedan meddelade styrelsens ordf\u00f6rande Ulf Strinnholm att sportchefen Henrik Gradins utg\u00e5ende kontrakt inte var prioritet just nu.<\/p>\n<p>\u2013 H\u00e4r och nu \u00e4r inte \u201dHinkens\u201d f\u00f6rl\u00e4ngning prio ett. Utan det \u00e4r problemen som vi har med laget, spelet och ledarskapet, sa Strinnholm till klubbens egna kanaler.<\/p>\n<p>Ett par dagar senare valde styrelsen att sparka Mattias Karlin, och Fredrik Andersson tog \u00f6ver.<\/p>\n<p>Men bakom kulisserna har det \u00e4nd\u00e5 p\u00e5g\u00e5tt en fortsatt f\u00f6rhandling med Gradin.<\/p>\n<p>Den ska nu vara p\u00e5 plats, enligt Expressens uppgifter.<\/p>\n<p>Det nya avtalet \u00e4r ett kontrakt p\u00e5 tre \u00e5r, vilket g\u00f6r att Gradin sitter kvar till 2029.<\/p>\n<p>Henrik Gradin kom till Modo 1 april 2021, och skrev p\u00e5 f\u00f6r tre \u00e5r. Det f\u00f6rl\u00e4ngdes under resans g\u00e5ng till v\u00e5ren 2026, vilket allts\u00e5 l\u00f6per ut efter denna s\u00e4song. Men det blir allts\u00e5 tre nya \u00e5r, enligt Expressens k\u00e4llor.<\/p>\n","protected":false},"excerpt":{"rendered":"Publicerad 10 dec 2025 kl 11.07 F\u00f6rhandlingarna har p\u00e5g\u00e5tt en tid. Nu \u00e4r det klart. Modos sportchef Henrik&hellip;\n","protected":false},"author":2,"featured_media":101862,"comment_status":"","ping_status":"","sticky":false,"template":"","format":"standard","meta":{"footnotes":""},"categories":[68],"tags":[641,936,34,130,255,111,110,31,33,32,30],"class_list":{"0":"post-101861","1":"post","2":"type-post","3":"status-publish","4":"format-standard","5":"has-post-thumbnail","7":"category-sport","8":"tag-organization-hockeyallsvenskan","9":"tag-organization-modo","10":"tag-se","11":"tag-sections-allsvenskan","12":"tag-sections-ishockey","13":"tag-sport","14":"tag-sports","15":"tag-svenska","16":"tag-sverige","17":"tag-sweden","18":"tag-swedish"},"share_on_mastodon":{"url":"https:\/\/pubeurope.com\/@se\/115694925402531341","error":""},"_links":{"self":[{"href":"https:\/\/www.europesays.com\/se\/wp-json\/wp\/v2\/posts\/101861","targetHints":{"allow":["GET"]}}],"collection":[{"href":"https:\/\/www.europesays.com\/se\/wp-json\/wp\/v2\/posts"}],"about":[{"href":"https:\/\/www.europesays.com\/se\/wp-json\/wp\/v2\/types\/post"}],"author":[{"embeddable":true,"href":"https:\/\/www.europesays.com\/se\/wp-json\/wp\/v2\/users\/2"}],"replies":[{"embeddable":true,"href":"https:\/\/www.europesays.com\/se\/wp-json\/wp\/v2\/comments?post=101861"}],"version-history":[{"count":0,"href":"https:\/\/www.europesays.com\/se\/wp-json\/wp\/v2\/posts\/101861\/revisions"}],"wp:featuredmedia":[{"embeddable":true,"href":"https:\/\/www.europesays.com\/se\/wp-json\/wp\/v2\/media\/101862"}],"wp:attachment":[{"href":"https:\/\/www.europesays.com\/se\/wp-json\/wp\/v2\/media?parent=101861"}],"wp:term":[{"taxonomy":"category","embeddable":true,"href":"https:\/\/www.europesays.com\/se\/wp-json\/wp\/v2\/categories?post=101861"},{"taxonomy":"post_tag","embeddable":true,"href":"https:\/\/www.europesays.com\/se\/wp-json\/wp\/v2\/tags?post=101861"}],"curies":[{"name":"wp","href":"https:\/\/api.w.org\/{rel}","templated":true}]}}