{"id":101870,"date":"2025-12-10T11:10:08","date_gmt":"2025-12-10T11:10:08","guid":{"rendered":"https:\/\/www.europesays.com\/se\/101870\/"},"modified":"2025-12-10T11:10:08","modified_gmt":"2025-12-10T11:10:08","slug":"har-ar-vinnarna-teknikjattens-spaning-infor-julruschen","status":"publish","type":"post","link":"https:\/\/www.europesays.com\/se\/101870\/","title":{"rendered":"H\u00e4r \u00e4r vinnarna &#8211; teknikj\u00e4ttens spaning inf\u00f6r julruschen"},"content":{"rendered":"<p>Black Friday har etablerat sig som en indikator f\u00f6r den efterf\u00f6ljande julhandeln. Enligt data fr\u00e5n HUI Research noteras en positiv v\u00e4ndning f\u00f6r s\u00e4llank\u00f6psvaruhandeln, d\u00e4r december f\u00f6rv\u00e4ntas visa tillv\u00e4xt. Detta sker parallellt med en f\u00f6rskjutning d\u00e4r konsumenter i h\u00f6gre utstr\u00e4ckning tidigarel\u00e4gger sina ink\u00f6p till november.<\/p>\n<p>Elgigantens analys av f\u00f6rs\u00e4ljningsdatan pekar p\u00e5 att st\u00e4rkt k\u00f6pkraft och ett ackumulerat konsumtionsbehov driver f\u00f6rs\u00e4ljningen inf\u00f6r \u00e5rets slut. Fokus ligger tydligt p\u00e5 tekniska produkter.<\/p>\n<blockquote>\n<p>Black Friday har blivit en tydlig temperaturm\u00e4tare f\u00f6r julhandeln och v\u00e5ra siffror visar att svenskarna satsar p\u00e5 teknik som g\u00f6r vardagen enklare, roligare och mer uppkopplad, s\u00e4ger Sara Larsson, produktexpert p\u00e5 Elgiganten.<\/p>\n<\/blockquote>\n<p>TV och hush\u00e5llsmaskiner \u00f6kar<\/p>\n<p>Bland produktkategorierna m\u00e4rks ett \u00f6kat intresse f\u00f6r st\u00f6rre TV-apparater, d\u00e4r modeller upp till 98 tum har s\u00e5lt v\u00e4l. \u00c4ven hush\u00e5llsmaskiner som glassmaskiner och robotdammsugare tillh\u00f6r de varugrupper som presterat starkt under inledningen av julhandeln. Inom ljudkategorin \u00e4r det fr\u00e4mst h\u00f6rlurar med brusreducering som efterfr\u00e5gas.<\/p>\n<p>Gaming och &#8221;vuxenlek&#8221;<\/p>\n<p>I linje med att HUI uts\u00e5g <a href=\"https:\/\/www.ehandel.se\/arets-julklapp-vuxenleksaken-kidult-trenden-driver-handeln\" rel=\"nofollow noopener\" target=\"_blank\">&#8221;Vuxenleksaken&#8221; till \u00c5rets julklapp<\/a>, ser Elgiganten en stor efterfr\u00e5gan p\u00e5 produkter kopplade till lek och kreativitet f\u00f6r en \u00e4ldre m\u00e5lgrupp. Detta inkluderar avancerade LEGO-serier samt komponenter f\u00f6r datorbyggande, en kategori som s\u00e5lde slut under Black Friday-perioden.<\/p>\n<p>Inom gamingsegmentet \u00e4r intresset fortsatt stort f\u00f6r konsoler.<\/p>\n<blockquote>\n<p>Att bygga, samla och leka \u00e4r inte l\u00e4ngre bara f\u00f6r barn. Fr\u00e5n Architecture och Technic till Star Wars, Formula 1 och Speed Champions \u2013 LEGO:s vuxenserier bjuder p\u00e5 timmar av fokus och kreativitet, s\u00e4ger Alexander \u00c5berg, gamingansvarig p\u00e5 Elgiganten.<\/p>\n<\/blockquote>\n<p><strong>\u00c5rets h\u00e5rda klappar enligt Elgiganten:<\/strong><\/p>\n<ul type=\"disc\">\n<li>Glassmaskiner<\/li>\n<li>Robotdammsugare<\/li>\n<li>H\u00f6rlurar med brusreducering och in-ear-h\u00f6rlurar<\/li>\n<li>LEGO<\/li>\n<li>Smart belysning<\/li>\n<li>Spelkonsoler \u2013 Playstation 5, Nintendo Switch och Switch 2<\/li>\n<li>TV-apparater 98-tum<\/li>\n<li>PC med AI-funktioner<\/li>\n<li>Komponenter &amp; Elgiganten Build<\/li>\n<li>Gamingtillbeh\u00f6r \u2013 headset, m\u00f6ss och tangentbord<\/li>\n<li>Mobiltelefoner<\/li>\n<li>Surfplattor<\/li>\n<li>Smartklockor<\/li>\n<li>Smarta h\u00e4lsoringar<\/li>\n<\/ul>\n","protected":false},"excerpt":{"rendered":"Black Friday har etablerat sig som en indikator f\u00f6r den efterf\u00f6ljande julhandeln. Enligt data fr\u00e5n HUI Research noteras&hellip;\n","protected":false},"author":2,"featured_media":101871,"comment_status":"","ping_status":"","sticky":false,"template":"","format":"standard","meta":{"footnotes":""},"categories":[65],"tags":[9266,72,70,71,11641,7031,34,31,33,32,30],"class_list":{"0":"post-101870","1":"post","2":"type-post","3":"status-publish","4":"format-standard","5":"has-post-thumbnail","7":"category-ekonomi","8":"tag-black-week","9":"tag-business","10":"tag-economy","11":"tag-ekonomi","12":"tag-elgiganten","13":"tag-julklappar","14":"tag-se","15":"tag-svenska","16":"tag-sverige","17":"tag-sweden","18":"tag-swedish"},"share_on_mastodon":{"url":"https:\/\/pubeurope.com\/@se\/115694968688356642","error":""},"_links":{"self":[{"href":"https:\/\/www.europesays.com\/se\/wp-json\/wp\/v2\/posts\/101870","targetHints":{"allow":["GET"]}}],"collection":[{"href":"https:\/\/www.europesays.com\/se\/wp-json\/wp\/v2\/posts"}],"about":[{"href":"https:\/\/www.europesays.com\/se\/wp-json\/wp\/v2\/types\/post"}],"author":[{"embeddable":true,"href":"https:\/\/www.europesays.com\/se\/wp-json\/wp\/v2\/users\/2"}],"replies":[{"embeddable":true,"href":"https:\/\/www.europesays.com\/se\/wp-json\/wp\/v2\/comments?post=101870"}],"version-history":[{"count":0,"href":"https:\/\/www.europesays.com\/se\/wp-json\/wp\/v2\/posts\/101870\/revisions"}],"wp:featuredmedia":[{"embeddable":true,"href":"https:\/\/www.europesays.com\/se\/wp-json\/wp\/v2\/media\/101871"}],"wp:attachment":[{"href":"https:\/\/www.europesays.com\/se\/wp-json\/wp\/v2\/media?parent=101870"}],"wp:term":[{"taxonomy":"category","embeddable":true,"href":"https:\/\/www.europesays.com\/se\/wp-json\/wp\/v2\/categories?post=101870"},{"taxonomy":"post_tag","embeddable":true,"href":"https:\/\/www.europesays.com\/se\/wp-json\/wp\/v2\/tags?post=101870"}],"curies":[{"name":"wp","href":"https:\/\/api.w.org\/{rel}","templated":true}]}}