{"id":101872,"date":"2025-12-10T11:12:08","date_gmt":"2025-12-10T11:12:08","guid":{"rendered":"https:\/\/www.europesays.com\/se\/101872\/"},"modified":"2025-12-10T11:12:08","modified_gmt":"2025-12-10T11:12:08","slug":"har-ar-de-ledande-nazisterna-i-salemmarschen-julbord-bakom-fiasko","status":"publish","type":"post","link":"https:\/\/www.europesays.com\/se\/101872\/","title":{"rendered":"H\u00e4r \u00e4r de ledande nazisterna i Salemmarschen \u2013 julbord bakom fiasko"},"content":{"rendered":"<p>\u201dKrockande julbord.\u201d<\/p>\n<p>Det \u00e4r en av nazisternas egna f\u00f6rklaringar till varf\u00f6r f\u00e4rre \u00e4n v\u00e4ntat d\u00f6k upp p\u00e5 helgens Salemmanifestation.<\/p>\n<p>Expressen har kartlagt de tongivande nazisterna i marschen.<\/p>\n<p>\u2013 Ni \u00e4r en smitta! Ni \u00e4r en smitta p\u00e5 folkkroppen! Vi m\u00e5ste rena folkkroppen!, sa NMR-ledaren Fredrik Vejdeland i ett tal.<\/p>\n<p>Polis skadad under motdemonstration.<img   alt=\"\"\/>\u00d6ppna bild i helsk\u00e4rm<\/p>\n<p>Den \u00e5rliga Salemmarschen var under 00-talet den stora enande manifestationen f\u00f6r svensk extremh\u00f6ger d\u00e4r flera olika organisationer deltog. Som mest samlades drygt 2 000 deltagare i det lilla samh\u00e4llet Salem utanf\u00f6r Stockholm \u2013 vilket gjorde marschen till den st\u00f6rsta nazistdemonstrationen i Europa.<\/p>\n<p>Men n\u00e4r Nordiska motst\u00e5ndsr\u00f6relsen, <a href=\"https:\/\/www.expressen.se\/tagg\/organization\/nmr\/\" class=\"\" rel=\"nofollow noopener\" target=\"_blank\">NMR<\/a>, i helgen organiserade en ny upplaga, svek b\u00e5de enheten och deltagarantalet. Ungef\u00e4r 250 deltagare marscherade i t\u00e5get och m\u00e5nga av dem kom fr\u00e5n just NMR. Den starka kopplingen till NMR f\u00f6rst\u00e4rktes av att den m\u00e5ng\u00e5rige medlemmen Peter Magnusson var den som stod p\u00e5 ans\u00f6kan om allm\u00e4n sammankomst som skickades in till polisen f\u00f6re marschen.<\/p>\n<p>I ans\u00f6kan uppskattade han att marschen skulle locka mellan 50 och 2 000 personer.<\/p>\n<p>Redan n\u00e4r nazisterna samlades p\u00e5 parkeringen vid R\u00f6nninge pendelt\u00e5gsstation uppvisade de irritation \u00f6ver de journalister som var p\u00e5 plats f\u00f6r att bevaka marschen. NMR:aren Johan Staaf, som bland annat d\u00f6mts f\u00f6r grov misshandel, rattfylleri och st\u00f6ld, fick en tills\u00e4gelse av en polis efter att han tjafsat med journalister.\u00a0<\/p>\n<p><img loading=\"lazy\"   alt=\"\"\/><\/p>\n<p>Nordiska motst\u00e5ndsr\u00f6relsens Johan Staaf blev varnad av polisen efter utfall mot journalister p\u00e5 platsen.<\/p>\n<p>Foto: MAGNUS LEJHALL<\/p>\n<p>\u00d6ppna bild i helsk\u00e4rm<img loading=\"lazy\"   alt=\"\"\/><\/p>\n<p>Aktivklubbs Ludvig Liljeros b\u00e4r frontbanderollen under Salemmarschen 2025.<\/p>\n<p>Foto: MAGNUS LEJHALL<\/p>\n<p>\u00d6ppna bild i helsk\u00e4rmNazisten: \u201dVidriga journalister\u201d<\/p>\n<p>N\u00e4r Expressen efter marschen fr\u00e5gar Staaf om hans agerande s\u00e5 svarar han i ett sms:<\/p>\n<p>\u201dJag sa att jag \u00f6nskar att vidriga journalister som ni borde g\u00f6ra Sverige en tj\u00e4nst och d\u00f6da varandra.\u201d<\/p>\n<p>Bland funktion\u00e4rerna p\u00e5 plats fanns ocks\u00e5 den ledande NMR-aktivisten P\u00e4r Sj\u00f6gren.<\/p>\n<p>I de fr\u00e4mre leden syntes ocks\u00e5 n\u00e5gra personer fr\u00e5n nazistiska Aktivklubb, bland dem <a href=\"https:\/\/www.expressen.se\/sport\/arrangerade-gala-i-varldens-farligaste-sport-polisanmals-nu-\/\" rel=\"nofollow noopener\" target=\"_blank\">Gustav Blomberg<\/a>. Han \u00e4r en av f\u00e5 ledande inom Aktivklubb som i dag \u00e4r p\u00e5 fri fot efter att tongivande personer som <a href=\"https:\/\/www.expressen.se\/nyheter\/sverige\/fem-unga-nazister-de-ar--tongivande-i-nya-valdsrorelsen\/\" rel=\"nofollow noopener\" target=\"_blank\">Sebastian Holmberg<\/a>, <a href=\"https:\/\/www.expressen.se\/nyheter\/krim\/dom-mot-man-i-nazistiska-aktivklubb-sverige\/\" rel=\"nofollow noopener\" target=\"_blank\">Oliver Sima Petrell<\/a> och <a href=\"https:\/\/www.expressen.se\/nyheter\/sverige\/casper-englund-klottrade--ner-sin-cell-blod-ara-dod\/\" rel=\"nofollow noopener\" target=\"_blank\">Casper Englund<\/a> under h\u00f6sten d\u00f6mts till l\u00e5nga f\u00e4ngelsestraff f\u00f6r uppm\u00e4rksammade <a href=\"https:\/\/www.expressen.se\/nyheter\/sverige\/nazisternas-valdsnatt-gar-till-attack-i-t-banan\/\" rel=\"nofollow noopener\" target=\"_blank\">v\u00e5ldsd\u00e5d<\/a>.<\/p>\n<p><img loading=\"lazy\"   alt=\"\"\/><\/p>\n<p>Den av USA terrorklassade NMR-aktivisten P\u00e4r \u00d6berg t\u00e5gade med komradioutrustning.<\/p>\n<p>Foto: MAGNUS LEJHALL<\/p>\n<p>\u00d6ppna bild i helsk\u00e4rm<img loading=\"lazy\"   alt=\"\"\/><\/p>\n<p>Nordiska motst\u00e5ndsr\u00f6relsens Jonas Andersson i talarstolen.<\/p>\n<p>Foto: MAGNUS LEJHALL<\/p>\n<p>\u00d6ppna bild i helsk\u00e4rm<\/p>\n<p>En annan aktivist med koppling till Aktivklubb som ocks\u00e5 gick i marschen var Ludvig Liljeros. Han var en av dem som bar upp den stora banderollen med texten \u201dVi gl\u00f6mmer aldrig Daniel Wretstr\u00f6m\u201d. Wretstr\u00f6m var skinnskallen som m\u00f6rdades i Salem \u00e5r 2000 och som \u00e4r sk\u00e4let till marschen.<\/p>\n<p>Liljeros, som \u00e4r d\u00f6md f\u00f6r brott mot knivlagen, syntes tidigare under h\u00f6sten tillsammans med Blomberg n\u00e4r de var \u00e5sk\u00e5dare p\u00e5 den stora r\u00e4tteg\u00e5ngen d\u00e4r bland andra Sima Petrell och Englund d\u00f6mdes.<\/p>\n<p>\u2013 Jag svarar inte p\u00e5 Expressens fr\u00e5gor, tack hej, s\u00e4ger Liljeros.<\/p>\n<p><img loading=\"lazy\"   alt=\"\"\/><\/p>\n<p>Peter Holm och Nordiska motst\u00e5ndsr\u00f6relsens ledare Fredrik Vejdeland och bakom honom Peter Magnusson i t\u00e5get under Salemmarschen 2025.<\/p>\n<p>Foto: MAGNUS LEJHALL<\/p>\n<p>\u00d6ppna bild i helsk\u00e4rm<img loading=\"lazy\"   alt=\"\"\/><\/p>\n<p>Martin Saxlind skyllde den d\u00e5liga uppslutningen i marschen p\u00e5 julborden.<\/p>\n<p>Foto: MAGNUS LEJHALL<\/p>\n<p>\u00d6ppna bild i helsk\u00e4rm<img loading=\"lazy\"   alt=\"\"\/><\/p>\n<p>NMR-aktivisten Peter Magnusson stod f\u00f6r demonstrationstillst\u00e5ndet f\u00f6r Salemmarschen 2025.<\/p>\n<p>Foto: MAGNUS LEJHALL<\/p>\n<p>\u00d6ppna bild i helsk\u00e4rmD\u00f6md f\u00f6r grovt vapenbrott<\/p>\n<p>F\u00f6rutom ett f\u00e5tal Aktivklubbaktivister s\u00e5 dominerades marschen av k\u00e4nda NMR-medlemmar, m\u00e5nga i \u00f6vre medel\u00e5ldern. En av dem var Peter Holm. Han d\u00f6mdes 2018 till f\u00e4ngelse i tv\u00e5 och ett halvt \u00e5r f\u00f6r bland annat grovt vapenbrott i ett <a href=\"https:\/\/www.expressen.se\/nyheter\/krim\/domen-mot-nazisten-peter-holm\/\" rel=\"nofollow noopener\" target=\"_blank\">uppm\u00e4rksammat fall<\/a> d\u00e4r polisen hittade en kartl\u00e4ggning av tv\u00e5 lokala journalister samt en attach\u00e9v\u00e4ska med en knapp i handtaget som skulle avfyra en pistol hos Holm.<\/p>\n<p>Annons<\/p>\n<p>\u2013 Hej d\u00e5, s\u00e4ger Holm n\u00e4r Expressen vill st\u00e4lla fr\u00e5gor om hans deltagande.<\/p>\n<p>I Salemmarschen gick ocks\u00e5 den m\u00e5ng\u00e5rige NMR-ledaren P\u00e4r \u00d6berg med en kommunikationsradio. \u00d6berg var en av de svenska nazister som <a href=\"https:\/\/www.expressen.se\/kronikorer\/david-baas\/markligt-att-nmr-terrorklassas-forst-nu\/\" rel=\"nofollow noopener\" target=\"_blank\">terrorklassades av USA<\/a> f\u00f6rra \u00e5ret.<\/p>\n<p>\u2013\u00a0S\u00e5 l\u00e4nge ni \u00e4r en s\u00e5 pro-judisk och vidrig tidning som ni \u00e4r, s\u00e5 pratar vi inte med er. Tyv\u00e4rr.<\/p>\n<p>\u2013\u00a0Nya tider \u00e4r p\u00e5 v\u00e4g!, s\u00e4ger han och avslutar samtalet med Expressen.<\/p>\n<p><img loading=\"lazy\"   alt=\"\"\/><\/p>\n<p>Lukas Lindgren lyfte i sitt tal nazistiska konspirationsteorier om en illegitim ockupationsregering.<\/p>\n<p>Foto: MAGNUS LEJHALL<\/p>\n<p>\u00d6ppna bild i helsk\u00e4rm<\/p>\n<p>Marschen avslutades med kransnedl\u00e4ggning och tal vid platsen d\u00e4r Daniel Wretstr\u00f6m m\u00f6rdades. De tre talarna kom alla fr\u00e5n NMR, men de presenterades av Aktivklubbs Gustav Blomberg som var konferencier.\u00a0<\/p>\n<p>Alla talarna gick till angrepp mot landets politiker som de utm\u00e5lade som ansvariga f\u00f6r Wretstr\u00f6ms d\u00f6d.\u00a0<\/p>\n<p>\u201dSionistiska blodhundar\u201d<\/p>\n<p>NMR:s ledare Fredrik Vejdeland, som ocks\u00e5 terrorklassades av USA f\u00f6rra \u00e5ret, v\u00e4nde sig direkt till politikerna och fick delar av publiken att skrika \u201dHell Seger!\u201d tillbaka.<\/p>\n<p>\u2013\u00a0Ni \u00e4r en smitta! Ni \u00e4r en smitta p\u00e5 folkkroppen! Vi m\u00e5ste rena folkkroppen!, skrek han.<\/p>\n<p>\u2013\u00a0Vi kommer att jaga er!<\/p>\n<p>Hans organisationskamrat Lukas Lindgren gick l\u00e4ngst d\u00e5 han beskrev det r\u00e5dande demokratiska styret som \u201den illegitim ockupationsregering\u201d med polisen och S\u00e4kerhetspolisen som dess \u201dsionistiska blodhundar\u201d:<\/p>\n<p><img loading=\"lazy\"   alt=\"\"\/><\/p>\n<p>Nordiska motst\u00e5ndsr\u00f6relsens ledare Fredrik Vejdeland beskrev i sitt tal landets politiker som \u201den smitta\u201d.<\/p>\n<p>Foto: MAGNUS LEJHALL<\/p>\n<p>\u00d6ppna bild i helsk\u00e4rm<\/p>\n<p>\u2013\u00a0Vi kommer v\u00e4cka en ny svensk dr\u00f6m. En dr\u00f6m d\u00e4r de som satte krigshj\u00e4ltar i galgen sj\u00e4lva ska bli h\u00e4ngda, sa han efter att ha gjort en historisk tillbakablick till krigsslutet 1945.<\/p>\n<p>N\u00e4r Expressen kontaktar Lukas Lindgren om vilka han syftar p\u00e5 i sitt tal, avb\u00f6jer han att kommentera.<\/p>\n<p>\u2013\u00a0Det \u00e4r en intressant fr\u00e5ga men jag kommer inte svara p\u00e5 den.<\/p>\n<p>Han vill inte kommentera demonstrationen \u00f6ver huvudtaget.<\/p>\n<p>\u2013\u00a0Jag pratar inte riktigt med Expressen tyv\u00e4rr.<\/p>\n<p>Krockande julbord<\/p>\n<p>Bland talarna fanns ocks\u00e5 Jonas Andersson, som har en l\u00e5ng bakgrund i organisationer som Nationalsocialistisk front, Svenskarnas parti och NMR. Han tog upp den p\u00e5tagliga besvikelsen \u00f6ver att inte fler d\u00f6k upp f\u00f6r Salemmarschen:<\/p>\n<p>\u2013\u00a0Till alla nationella som borde varit h\u00e4r i dag, var \u00e4r ni? Varf\u00f6r \u00e4r inte ni h\u00e4r och visar systemet att vi \u00e4r m\u00e5nga som inte l\u00e4ngre tolererar deras svenskfientliga agenda? Och h\u00f6r och h\u00e4pna, det finns \u00e4ven nationalister som \u00e4nnu g\u00e5r och hoppas p\u00e5 att fika eller att \u00e4ta julbord i dag eller att r\u00f6sta p\u00e5 Sverigedemokraterna ska r\u00e4dda Sverige.<\/p>\n<p><img loading=\"lazy\"   alt=\"\"\/><\/p>\n<p>H\u00f6gerextrema Det fria Sverige, vars ledare har ett f\u00f6rflutet i flera nazistiska grupper, bj\u00f6d in till julbord under Salemmarschen.<\/p>\n<p>\u00d6ppna bild i helsk\u00e4rm<\/p>\n<p>Just fr\u00e5gan om julbord hade p\u00e5verkat deltagarantalet negativt togs ocks\u00e5 upp i podcasten Radio Nordfront. NMR-aktivisten <a href=\"https:\/\/www.expressen.se\/nyheter\/valdsbrottsdomd-ny-chefredaktor-for-nazistiska-nordfront\/\" rel=\"nofollow noopener\" target=\"_blank\">Martin Saxlind<\/a>, som ocks\u00e5 gick i Salemmarschen i helgen, radade upp f\u00f6rklaringar till varf\u00f6r inte fler n\u00e4rvarade:<\/p>\n<p>\u2013\u00a0Demonstrationen utannonserades med kort varsel, det krockade med lite julbord och andra grejer, m\u00e5nga m\u00e4nniskor blev sjuka, folk st\u00e4llde in och s\u00e5 d\u00e4r. S\u00e5 det hade kunnat vara mer folk och det kanske kommer fler chanser i framtiden att faktiskt dyka upp, sa han i podden.<\/p>\n<p><img loading=\"lazy\"   alt=\"\"\/><\/p>\n<p>Gustav Blomberg, Aktivklubb, var konferencier och presenterade de tre talarna &#8211; alla fr\u00e5n Nordiska motst\u00e5ndsr\u00f6relsen.<\/p>\n<p>Foto: MAGNUS LEJHALL<\/p>\n<p>\u00d6ppna bild i helsk\u00e4rm<\/p>\n<p>Bland de k\u00e4nda julborden som p\u00e5gick samma dag som Salemmarschen fanns Frihetsnytts julmiddag och h\u00f6gerextrema Det fria Sveriges julbord i Sk\u00e5ne. N\u00e4r Expressen h\u00f6r av sig till Saxlind f\u00f6r att fr\u00e5ga hur stort problem som de krockande julborden var f\u00f6r Salemmarschen s\u00e5 svarar han i ett sms:<\/p>\n<p>\u201dJag har redan sagt allt jag har att s\u00e4ga om marschen i Radio Nordfront.\u201d<\/p>\n<p>Expressen har s\u00f6kt Peter Magnusson, Gustav Blomberg, Fredrik Vejdeland, P\u00e4r Sj\u00f6gren och Jonas Andersson.<\/p>\n<p><img loading=\"lazy\"   alt=\"\"\/><\/p>\n<p>Den ledande NMR-medlemmen P\u00e4r Sj\u00f6gren ingick i vaktstyrkan under marschen.<\/p>\n<p>Foto: MAGNUS LEJHALL<\/p>\n<p>\u00d6ppna bild i helsk\u00e4rm<strong>L\u00c4S MER: <\/strong><a href=\"https:\/\/www.expressen.se\/nyheter\/samhallets-nya-vapen-klammer-at-nazisterna-\/\" class=\"\" rel=\"nofollow noopener\" target=\"_blank\">Samh\u00e4llets nya vapen kl\u00e4mmer \u00e5t nazisterna<\/a><strong>L\u00c4S MER: <\/strong><a href=\"https:\/\/www.expressen.se\/nyheter\/sverige\/fem-unga-nazister-de-ar--tongivande-i-nya-valdsrorelsen\/\" class=\"\" rel=\"nofollow noopener\" target=\"_blank\">Fem unga nazister \u2013 de \u00e4r  tongivande i nya v\u00e5ldsr\u00f6relsen<\/a><strong>L\u00c4S MER: <\/strong><a href=\"https:\/\/www.expressen.se\/nyheter\/sverige\/massiv-polisinsats-i-salem-nazistdemonstration-ager-rum\/\" class=\"\" rel=\"nofollow noopener\" target=\"_blank\">Massiv polisinsats i Salem \u2013 nazistdemonstration \u00e4ger rum<\/a><\/p>\n","protected":false},"excerpt":{"rendered":"\u201dKrockande julbord.\u201d Det \u00e4r en av nazisternas egna f\u00f6rklaringar till varf\u00f6r f\u00e4rre \u00e4n v\u00e4ntat d\u00f6k upp p\u00e5 helgens&hellip;\n","protected":false},"author":2,"featured_media":101873,"comment_status":"","ping_status":"","sticky":false,"template":"","format":"standard","meta":{"footnotes":""},"categories":[12],"tags":[22,23,26,27,17,21,24,25,11553,28,29,15,16,11348,18,34,154,31,33,32,30,19,3187,20],"class_list":{"0":"post-101872","1":"post","2":"type-post","3":"status-publish","4":"format-standard","5":"has-post-thumbnail","7":"category-sverige","8":"tag-breaking-news","9":"tag-breakingnews","10":"tag-featured-news","11":"tag-featurednews","12":"tag-headlines","13":"tag-huvudnyheter","14":"tag-latest-news","15":"tag-latestnews","16":"tag-location-salem","17":"tag-main-news","18":"tag-mainnews","19":"tag-news","20":"tag-nyheter","21":"tag-organization-nmr","22":"tag-rubriker","23":"tag-se","24":"tag-sections-sverige","25":"tag-svenska","26":"tag-sverige","27":"tag-sweden","28":"tag-swedish","29":"tag-top-stories","30":"tag-topic-demonstration-protest","31":"tag-topstories"},"share_on_mastodon":{"url":"https:\/\/pubeurope.com\/@se\/115694976646448662","error":""},"_links":{"self":[{"href":"https:\/\/www.europesays.com\/se\/wp-json\/wp\/v2\/posts\/101872","targetHints":{"allow":["GET"]}}],"collection":[{"href":"https:\/\/www.europesays.com\/se\/wp-json\/wp\/v2\/posts"}],"about":[{"href":"https:\/\/www.europesays.com\/se\/wp-json\/wp\/v2\/types\/post"}],"author":[{"embeddable":true,"href":"https:\/\/www.europesays.com\/se\/wp-json\/wp\/v2\/users\/2"}],"replies":[{"embeddable":true,"href":"https:\/\/www.europesays.com\/se\/wp-json\/wp\/v2\/comments?post=101872"}],"version-history":[{"count":0,"href":"https:\/\/www.europesays.com\/se\/wp-json\/wp\/v2\/posts\/101872\/revisions"}],"wp:featuredmedia":[{"embeddable":true,"href":"https:\/\/www.europesays.com\/se\/wp-json\/wp\/v2\/media\/101873"}],"wp:attachment":[{"href":"https:\/\/www.europesays.com\/se\/wp-json\/wp\/v2\/media?parent=101872"}],"wp:term":[{"taxonomy":"category","embeddable":true,"href":"https:\/\/www.europesays.com\/se\/wp-json\/wp\/v2\/categories?post=101872"},{"taxonomy":"post_tag","embeddable":true,"href":"https:\/\/www.europesays.com\/se\/wp-json\/wp\/v2\/tags?post=101872"}],"curies":[{"name":"wp","href":"https:\/\/api.w.org\/{rel}","templated":true}]}}