{"id":101878,"date":"2025-12-10T11:16:27","date_gmt":"2025-12-10T11:16:27","guid":{"rendered":"https:\/\/www.europesays.com\/se\/101878\/"},"modified":"2025-12-10T11:16:27","modified_gmt":"2025-12-10T11:16:27","slug":"familjen-lever-under-hot-efter-brak-med-lundell","status":"publish","type":"post","link":"https:\/\/www.europesays.com\/se\/101878\/","title":{"rendered":"Familjen lever under hot \u2013 efter br\u00e5k med Lundell"},"content":{"rendered":"<p>En familj utanf\u00f6r offentligheten har levt under hot efter ett uppm\u00e4rksammat Youtube-br\u00e5k med bland annat Joakim Lundell, vilket framg\u00e5r i SVT:s granskning om den m\u00e4ktiga influeraren.<\/p>\n<p>Dottern i familjen, Linnea Lundstr\u00f6m, hamnade i centrum f\u00f6r dramat genom sin relation med Joakim Lundells halvbror, Christofer \u201dChrippa\u201d Berg. Konflikten tog fart n\u00e4r Chrippa h\u00e4ktades misst\u00e4nkt f\u00f6r att ha misshandlat Linnea.<\/p>\n<p>Paret \u00e5terf\u00f6renades sedan och det blev till slut ingen r\u00e4ttsprocess av den misst\u00e4nkta misshandeln. Men d\u00e5 anklagade b\u00e5da varandra f\u00f6r \u00f6vergrepp och flera influerare tog parti mot Linnea Lundstr\u00f6m och hennes familj. <\/p>\n<p>Nu ber\u00e4ttar hennes f\u00f6r\u00e4ldrar om hatet som riktats mot familjen i den andra delen av Dokument inifr\u00e5n: Hatet.<\/p>\n<p>\u2013 Det som sm\u00e4rtar mest \u00e4r n\u00e4r v\u00e5ra yngre barn blir utsatta f\u00f6r de h\u00e4r hoten. Man ska pissa min son i munnen, man ska klippa dem, man ska fimpa dem, s\u00e4ger Lindha Lundstr\u00f6m i programmet.<\/p>\n<p>Omni \u00e4r politiskt obundna och oberoende. Vi str\u00e4var efter att ge fler perspektiv p\u00e5 nyheterna. Har du fr\u00e5gor eller synpunkter kring v\u00e5r rapportering? <a href=\"https:\/\/omni.se\/familjen-lever-under-hot-efter-brak-med-lundell\/a\/mailto:redaktion@omni.se\" class=\"ArticleActions_contactLink__W2F1M\" rel=\"nofollow noopener\" target=\"_blank\">Kontakta redaktionen<\/a><\/p>\n","protected":false},"excerpt":{"rendered":"En familj utanf\u00f6r offentligheten har levt under hot efter ett uppm\u00e4rksammat Youtube-br\u00e5k med bland annat Joakim Lundell, vilket&hellip;\n","protected":false},"author":2,"featured_media":101879,"comment_status":"","ping_status":"","sticky":false,"template":"","format":"standard","meta":{"footnotes":""},"categories":[67],"tags":[104,2710,732,34,31,33,32,30,105],"class_list":{"0":"post-101878","1":"post","2":"type-post","3":"status-publish","4":"format-standard","5":"has-post-thumbnail","7":"category-underhallning","8":"tag-entertainment","9":"tag-joakim-lundell","10":"tag-media-reklam","11":"tag-se","12":"tag-svenska","13":"tag-sverige","14":"tag-sweden","15":"tag-swedish","16":"tag-underhallning"},"share_on_mastodon":{"url":"https:\/\/pubeurope.com\/@se\/115694992344538226","error":""},"_links":{"self":[{"href":"https:\/\/www.europesays.com\/se\/wp-json\/wp\/v2\/posts\/101878","targetHints":{"allow":["GET"]}}],"collection":[{"href":"https:\/\/www.europesays.com\/se\/wp-json\/wp\/v2\/posts"}],"about":[{"href":"https:\/\/www.europesays.com\/se\/wp-json\/wp\/v2\/types\/post"}],"author":[{"embeddable":true,"href":"https:\/\/www.europesays.com\/se\/wp-json\/wp\/v2\/users\/2"}],"replies":[{"embeddable":true,"href":"https:\/\/www.europesays.com\/se\/wp-json\/wp\/v2\/comments?post=101878"}],"version-history":[{"count":0,"href":"https:\/\/www.europesays.com\/se\/wp-json\/wp\/v2\/posts\/101878\/revisions"}],"wp:featuredmedia":[{"embeddable":true,"href":"https:\/\/www.europesays.com\/se\/wp-json\/wp\/v2\/media\/101879"}],"wp:attachment":[{"href":"https:\/\/www.europesays.com\/se\/wp-json\/wp\/v2\/media?parent=101878"}],"wp:term":[{"taxonomy":"category","embeddable":true,"href":"https:\/\/www.europesays.com\/se\/wp-json\/wp\/v2\/categories?post=101878"},{"taxonomy":"post_tag","embeddable":true,"href":"https:\/\/www.europesays.com\/se\/wp-json\/wp\/v2\/tags?post=101878"}],"curies":[{"name":"wp","href":"https:\/\/api.w.org\/{rel}","templated":true}]}}