{"id":101884,"date":"2025-12-10T11:21:09","date_gmt":"2025-12-10T11:21:09","guid":{"rendered":"https:\/\/www.europesays.com\/se\/101884\/"},"modified":"2025-12-10T11:21:09","modified_gmt":"2025-12-10T11:21:09","slug":"eu-enas-om-klimatmal-for-2040","status":"publish","type":"post","link":"https:\/\/www.europesays.com\/se\/101884\/","title":{"rendered":"EU enas om klimatm\u00e5l f\u00f6r 2040"},"content":{"rendered":"<p>En klimatuppg\u00f6relse mellan EU-parlamentet och medlemsl\u00e4nderna i ministerr\u00e5det n\u00e5ddes natten till onsdagen.<\/p>\n<p>\u2013 I dag visar EU v\u00e5rt starka engagemang f\u00f6r klimat\u00e5tg\u00e4rder och Parisavtalet. En m\u00e5nad efter COP30 har vi omsatt ord i handling \u2013 med ett r\u00e4ttsligt bindande m\u00e5l om 90 procents utsl\u00e4ppsminskning till 2040, sade kommissionens ordf\u00f6rande Ursula von der Leyen, i ett uttalande.<\/p>\n<p><strong>Internationella klimatkrediter kan bidra<\/strong><br \/>En central del av kompromissen \u00e4r m\u00f6jligheten att anv\u00e4nda s\u00e5 kallade h\u00f6gkvalitativa internationella klimatkrediter f\u00f6r att n\u00e5 2040-m\u00e5let. Fr\u00e5n 2036 f\u00e5r medlemsl\u00e4nderna r\u00e4kna in utsl\u00e4ppsminskningar fr\u00e5n klimatprojekt i l\u00e4nder utanf\u00f6r EU, motsvarande upp till fem procentenheter av unionens nettoutsl\u00e4pp 1990. Det inneb\u00e4r att de inhemska utsl\u00e4ppen inom EU kan minska med 85 procent ist\u00e4llet f\u00f6r 90 procent.<\/p>\n<p>Klimatkrediterna ska f\u00f6lja kriterier i Parisavtalet fr\u00e5n 2015. Enligt uppg\u00f6relsen ska kommissionen analysera olika alternativ f\u00f6r hur dessa krediter ska anv\u00e4ndas i den kommande klimatlagstiftningen. EU-lagstiftarna enades ocks\u00e5 om att en pilotfas mellan 2031 och 2035 kan inr\u00e4ttas f\u00f6r att utveckla en kreditmarknad.<\/p>\n<p>Det finns ocks\u00e5 ytterligare s\u00e4kerhetsmekanismer. Enligt ministerr\u00e5det m\u00e5ste kommissionen ta h\u00e4nsyn till att klimatprojekt i l\u00e4nder utanf\u00f6r EU inte strider mot unionens strategiska intressen.<\/p>\n<p><strong>F\u00f6rsenat inf\u00f6rande av utsl\u00e4ppshandel<\/strong><br \/>F\u00f6rhandlarna kom ocks\u00e5 \u00f6verens om att skjuta upp inf\u00f6randet av det nya utsl\u00e4ppshandelssystemet ETS2 f\u00f6r byggnader och v\u00e4gtransporter med ett \u00e5r, fr\u00e5n 2027 till 2028.\u00a0<\/p>\n<p>Beslutet att senarel\u00e4gga systemet ska <a href=\"https:\/\/www.sueddeutsche.de\/politik\/eu-klimaziele-2040-reduzieren-co2-ausstoss-li.3352119\" rel=\"nofollow noopener\" target=\"_blank\">enligt den tyska tidningen S\u00fcddeutsche Zeitung<\/a> undvika stora pris\u00f6kningar f\u00f6r konsumenter p\u00e5 kort sikt. \u00d6vervaknings- och rapporteringskraven inom ETS2 b\u00f6rjar dock g\u00e4lla som planerat redan 2025.<\/p>\n<p><strong>Fokus p\u00e5 konkurrenskraft och r\u00e4ttvisa<\/strong><br \/>Den \u00f6verenskomna texten betonar ocks\u00e5 att det framtida klimatramverket efter 2030 ska ta h\u00e4nsyn till flera viktiga faktorer: europeisk industris konkurrenskraft, en r\u00e4ttvis och kostnadseffektiv \u00f6verg\u00e5ng, teknisk neutralitet, f\u00f6rnybar energi samt energis\u00e4kerhet och \u00f6verkomlighet.<\/p>\n<p>\u2013 Klimat\u00e5tg\u00e4rder under de kommande tio \u00e5ren kommer att vara avg\u00f6rande f\u00f6r att undvika o\u00e5terkalleliga v\u00e4ndpunkter i jordens klimatsystem, sade Teresa Ribera, kommissionens vice ordf\u00f6rande f\u00f6r ren, r\u00e4ttvis och konkurrenskraftig omst\u00e4llning.<\/p>\n<p>Danmarks klimaminister Lars Aagaard, som f\u00f6retr\u00e4dde det danska ordf\u00f6randeskapet i ministerr\u00e5det, v\u00e4lkomnade uppg\u00f6relsen.<\/p>\n<p>\u2013 I dag har Europa f\u00f6renat sig kring v\u00e5r tydliga riktning f\u00f6r klimatpolitiken \u2013 grundad i vetenskap och som skyddar v\u00e5r s\u00e4kerhet och konkurrenskraft, sade Lars Aagaard.<\/p>\n<p><strong>N\u00e4sta steg<\/strong><br \/>Den prelimin\u00e4ra \u00f6verenskommelsen m\u00e5ste nu formellt antas av b\u00e5de EU-parlamentet och ministerr\u00e5det.<\/p>\n","protected":false},"excerpt":{"rendered":"En klimatuppg\u00f6relse mellan EU-parlamentet och medlemsl\u00e4nderna i ministerr\u00e5det n\u00e5ddes natten till onsdagen. \u2013 I dag visar EU v\u00e5rt&hellip;\n","protected":false},"author":2,"featured_media":101885,"comment_status":"","ping_status":"","sticky":false,"template":"","format":"standard","meta":{"footnotes":""},"categories":[5],"tags":[22,23,26,27,17,21,24,25,28,29,15,16,18,34,31,33,32,30,19,20],"class_list":{"0":"post-101884","1":"post","2":"type-post","3":"status-publish","4":"format-standard","5":"has-post-thumbnail","7":"category-rubriker","8":"tag-breaking-news","9":"tag-breakingnews","10":"tag-featured-news","11":"tag-featurednews","12":"tag-headlines","13":"tag-huvudnyheter","14":"tag-latest-news","15":"tag-latestnews","16":"tag-main-news","17":"tag-mainnews","18":"tag-news","19":"tag-nyheter","20":"tag-rubriker","21":"tag-se","22":"tag-svenska","23":"tag-sverige","24":"tag-sweden","25":"tag-swedish","26":"tag-top-stories","27":"tag-topstories"},"share_on_mastodon":{"url":"https:\/\/pubeurope.com\/@se\/115695012054183007","error":""},"_links":{"self":[{"href":"https:\/\/www.europesays.com\/se\/wp-json\/wp\/v2\/posts\/101884","targetHints":{"allow":["GET"]}}],"collection":[{"href":"https:\/\/www.europesays.com\/se\/wp-json\/wp\/v2\/posts"}],"about":[{"href":"https:\/\/www.europesays.com\/se\/wp-json\/wp\/v2\/types\/post"}],"author":[{"embeddable":true,"href":"https:\/\/www.europesays.com\/se\/wp-json\/wp\/v2\/users\/2"}],"replies":[{"embeddable":true,"href":"https:\/\/www.europesays.com\/se\/wp-json\/wp\/v2\/comments?post=101884"}],"version-history":[{"count":0,"href":"https:\/\/www.europesays.com\/se\/wp-json\/wp\/v2\/posts\/101884\/revisions"}],"wp:featuredmedia":[{"embeddable":true,"href":"https:\/\/www.europesays.com\/se\/wp-json\/wp\/v2\/media\/101885"}],"wp:attachment":[{"href":"https:\/\/www.europesays.com\/se\/wp-json\/wp\/v2\/media?parent=101884"}],"wp:term":[{"taxonomy":"category","embeddable":true,"href":"https:\/\/www.europesays.com\/se\/wp-json\/wp\/v2\/categories?post=101884"},{"taxonomy":"post_tag","embeddable":true,"href":"https:\/\/www.europesays.com\/se\/wp-json\/wp\/v2\/tags?post=101884"}],"curies":[{"name":"wp","href":"https:\/\/api.w.org\/{rel}","templated":true}]}}