{"id":101904,"date":"2025-12-10T11:39:11","date_gmt":"2025-12-10T11:39:11","guid":{"rendered":"https:\/\/www.europesays.com\/se\/101904\/"},"modified":"2025-12-10T11:39:11","modified_gmt":"2025-12-10T11:39:11","slug":"allsvenska-kulisserna-malmo-ff-ville-varva-kalle-karlsson-allsvenskan","status":"publish","type":"post","link":"https:\/\/www.europesays.com\/se\/101904\/","title":{"rendered":"Allsvenska kulisserna: Malm\u00f6 FF ville v\u00e4rva Kalle Karlsson | Allsvenskan"},"content":{"rendered":"<p>PremiumExpressens Anel Avdic ger dig de senaste nyheterna och avsl\u00f6jandena i Allsvenska kulisserna.<\/p>\n<p>Den h\u00e4r veckan om bland annat&#8230;<\/p>\n<p> Malm\u00f6 FF ville v\u00e4rva succ\u00e9tr\u00e4naren som sportchef<\/p>\n<p> Turkiska klubben fick bud nobbat av nykomlingen<\/p>\n<p> Sportchefen som V\u00e4ster\u00e5s SK har haft kontakt med<\/p>\n<p> IF Elfsborgs anfallare jagas av flera utl\u00e4ndska lag<\/p>\n<p> Svensken har haft m\u00f6ten med finska klubben<\/p>\n<p> Camil Jebara kan flytta till de brittiska \u00f6arna<\/p>\n<p><img   alt=\"\"\/>\u00d6ppna bild i helsk\u00e4rm<\/p>\n","protected":false},"excerpt":{"rendered":"PremiumExpressens Anel Avdic ger dig de senaste nyheterna och avsl\u00f6jandena i Allsvenska kulisserna. Den h\u00e4r veckan om bland&hellip;\n","protected":false},"author":2,"featured_media":101905,"comment_status":"","ping_status":"","sticky":false,"template":"","format":"standard","meta":{"footnotes":""},"categories":[68],"tags":[11642,131,738,1046,664,358,1375,103,34,130,129,111,110,31,33,32,30],"class_list":{"0":"post-101904","1":"post","2":"type-post","3":"status-publish","4":"format-standard","5":"has-post-thumbnail","7":"category-sport","8":"tag-newsstory-allsvenska-kulisserna","9":"tag-organization-aik-fotboll","10":"tag-organization-hammarby-if","11":"tag-organization-if-elfsborg","12":"tag-organization-ifk-goteborg","13":"tag-organization-malmo-ff","14":"tag-organization-vasteras-sk","15":"tag-premium","16":"tag-se","17":"tag-sections-allsvenskan","18":"tag-sections-fotboll","19":"tag-sport","20":"tag-sports","21":"tag-svenska","22":"tag-sverige","23":"tag-sweden","24":"tag-swedish"},"share_on_mastodon":{"url":"https:\/\/pubeurope.com\/@se\/115695082756179588","error":""},"_links":{"self":[{"href":"https:\/\/www.europesays.com\/se\/wp-json\/wp\/v2\/posts\/101904","targetHints":{"allow":["GET"]}}],"collection":[{"href":"https:\/\/www.europesays.com\/se\/wp-json\/wp\/v2\/posts"}],"about":[{"href":"https:\/\/www.europesays.com\/se\/wp-json\/wp\/v2\/types\/post"}],"author":[{"embeddable":true,"href":"https:\/\/www.europesays.com\/se\/wp-json\/wp\/v2\/users\/2"}],"replies":[{"embeddable":true,"href":"https:\/\/www.europesays.com\/se\/wp-json\/wp\/v2\/comments?post=101904"}],"version-history":[{"count":0,"href":"https:\/\/www.europesays.com\/se\/wp-json\/wp\/v2\/posts\/101904\/revisions"}],"wp:featuredmedia":[{"embeddable":true,"href":"https:\/\/www.europesays.com\/se\/wp-json\/wp\/v2\/media\/101905"}],"wp:attachment":[{"href":"https:\/\/www.europesays.com\/se\/wp-json\/wp\/v2\/media?parent=101904"}],"wp:term":[{"taxonomy":"category","embeddable":true,"href":"https:\/\/www.europesays.com\/se\/wp-json\/wp\/v2\/categories?post=101904"},{"taxonomy":"post_tag","embeddable":true,"href":"https:\/\/www.europesays.com\/se\/wp-json\/wp\/v2\/tags?post=101904"}],"curies":[{"name":"wp","href":"https:\/\/api.w.org\/{rel}","templated":true}]}}