{"id":101914,"date":"2025-12-10T11:50:10","date_gmt":"2025-12-10T11:50:10","guid":{"rendered":"https:\/\/www.europesays.com\/se\/101914\/"},"modified":"2025-12-10T11:50:10","modified_gmt":"2025-12-10T11:50:10","slug":"eu-domstol-kapar-intels-bot-med-miljardbelopp","status":"publish","type":"post","link":"https:\/\/www.europesays.com\/se\/101914\/","title":{"rendered":"EU-domstol kapar Intels bot med miljardbelopp"},"content":{"rendered":"<p>Europas n\u00e4st h\u00f6gsta domstol avvisade under onsdagen Intels \u00f6verklagande av en EU-bot p\u00e5 376 miljoner euro som EU-kommissionen fastst\u00e4llde 2023, enligt ett pressmeddelande.<\/p>\n<p>Men samtidigt s\u00e4nker domstolen beloppet med 140 miljoner euro, vilket motsvarar 1,5 miljarder svenska kronor. <\/p>\n<p>&#8221;En summa p\u00e5 237 miljoner euro \u00e4r en mer l\u00e4mplig avspegling av \u00f6vertr\u00e4delsens allvar och varaktighet,&#8221; skriver den Luxemburg-baserade domstolen i ett pressmeddelande.<\/p>\n<p>EU-kommissionen utf\u00e4rdade boten om 376 miljoner euro 2023. <\/p>\n<p>Omni \u00e4r politiskt obundna och oberoende. Vi str\u00e4var efter att ge fler perspektiv p\u00e5 nyheterna. Har du fr\u00e5gor eller synpunkter kring v\u00e5r rapportering? <a href=\"https:\/\/omni.se\/eu-domstol-kapar-intels-bot-med-miljardbelopp\/a\/mailto:redaktion@omni.se\" class=\"ArticleActions_contactLink__W2F1M\" rel=\"nofollow noopener\" target=\"_blank\">Kontakta redaktionen<\/a><\/p>\n","protected":false},"excerpt":{"rendered":"Europas n\u00e4st h\u00f6gsta domstol avvisade under onsdagen Intels \u00f6verklagande av en EU-bot p\u00e5 376 miljoner euro som EU-kommissionen&hellip;\n","protected":false},"author":2,"featured_media":101915,"comment_status":"","ping_status":"","sticky":false,"template":"","format":"standard","meta":{"footnotes":""},"categories":[65],"tags":[72,70,71,11644,2457,394,9687,34,31,33,32,30],"class_list":{"0":"post-101914","1":"post","2":"type-post","3":"status-publish","4":"format-standard","5":"has-post-thumbnail","7":"category-ekonomi","8":"tag-business","9":"tag-economy","10":"tag-ekonomi","11":"tag-eu-domstolen","12":"tag-eu-kommissionen","13":"tag-intel","14":"tag-luxemburg","15":"tag-se","16":"tag-svenska","17":"tag-sverige","18":"tag-sweden","19":"tag-swedish"},"share_on_mastodon":{"url":"https:\/\/pubeurope.com\/@se\/115695126026971656","error":""},"_links":{"self":[{"href":"https:\/\/www.europesays.com\/se\/wp-json\/wp\/v2\/posts\/101914","targetHints":{"allow":["GET"]}}],"collection":[{"href":"https:\/\/www.europesays.com\/se\/wp-json\/wp\/v2\/posts"}],"about":[{"href":"https:\/\/www.europesays.com\/se\/wp-json\/wp\/v2\/types\/post"}],"author":[{"embeddable":true,"href":"https:\/\/www.europesays.com\/se\/wp-json\/wp\/v2\/users\/2"}],"replies":[{"embeddable":true,"href":"https:\/\/www.europesays.com\/se\/wp-json\/wp\/v2\/comments?post=101914"}],"version-history":[{"count":0,"href":"https:\/\/www.europesays.com\/se\/wp-json\/wp\/v2\/posts\/101914\/revisions"}],"wp:featuredmedia":[{"embeddable":true,"href":"https:\/\/www.europesays.com\/se\/wp-json\/wp\/v2\/media\/101915"}],"wp:attachment":[{"href":"https:\/\/www.europesays.com\/se\/wp-json\/wp\/v2\/media?parent=101914"}],"wp:term":[{"taxonomy":"category","embeddable":true,"href":"https:\/\/www.europesays.com\/se\/wp-json\/wp\/v2\/categories?post=101914"},{"taxonomy":"post_tag","embeddable":true,"href":"https:\/\/www.europesays.com\/se\/wp-json\/wp\/v2\/tags?post=101914"}],"curies":[{"name":"wp","href":"https:\/\/api.w.org\/{rel}","templated":true}]}}