{"id":101918,"date":"2025-12-10T11:55:13","date_gmt":"2025-12-10T11:55:13","guid":{"rendered":"https:\/\/www.europesays.com\/se\/101918\/"},"modified":"2025-12-10T11:55:13","modified_gmt":"2025-12-10T11:55:13","slug":"ryssar-och-belarusier-far-tavla-i-varldscupen","status":"publish","type":"post","link":"https:\/\/www.europesays.com\/se\/101918\/","title":{"rendered":"Ryssar och belarusier f\u00e5r t\u00e4vla i v\u00e4rldscupen"},"content":{"rendered":"<p>Tre skid\u00e5kare fr\u00e5n Ryssland och sex fr\u00e5n Belarus f\u00e5r t\u00e4vla i v\u00e4rldscupen, rapporterar TT med h\u00e4nvisning till Internationella skid- och snowboardf\u00f6rbundet (FiS). <\/p>\n<p>Idrottarna kommer f\u00e5 t\u00e4vla som \u201dneutrala\u201d och allts\u00e5 inte representera en flagga. Tv\u00e5 av dem \u00e4r l\u00e4ngd\u00e5kare, 22-\u00e5rige Savelij Korosteljov och 23-\u00e5riga Daria Neprjajeva, och kan st\u00e4lla upp i helgens t\u00e4vlingar i Davos. <\/p>\n<p>Beslutet banar ocks\u00e5 v\u00e4g f\u00f6r skid\u00e5karna att delta i vinter-OS i Italien. <\/p>\n<p>Omni \u00e4r politiskt obundna och oberoende. Vi str\u00e4var efter att ge fler perspektiv p\u00e5 nyheterna. Har du fr\u00e5gor eller synpunkter kring v\u00e5r rapportering? <a href=\"https:\/\/omni.se\/klart-ryssar-och-belarusier-far-tavla-i-varldscupen\/a\/mailto:redaktion@omni.se\" class=\"ArticleActions_contactLink__W2F1M\" rel=\"nofollow noopener\" target=\"_blank\">Kontakta redaktionen<\/a><\/p>\n","protected":false},"excerpt":{"rendered":"Tre skid\u00e5kare fr\u00e5n Ryssland och sex fr\u00e5n Belarus f\u00e5r t\u00e4vla i v\u00e4rldscupen, rapporterar TT med h\u00e4nvisning till Internationella&hellip;\n","protected":false},"author":2,"featured_media":101919,"comment_status":"","ping_status":"","sticky":false,"template":"","format":"standard","meta":{"footnotes":""},"categories":[68],"tags":[948,11645,11646,3237,264,34,111,110,31,33,32,30],"class_list":{"0":"post-101918","1":"post","2":"type-post","3":"status-publish","4":"format-standard","5":"has-post-thumbnail","7":"category-sport","8":"tag-belarus","9":"tag-fis","10":"tag-internationella-skidforbundet","11":"tag-langdskidor","12":"tag-ryssland","13":"tag-se","14":"tag-sport","15":"tag-sports","16":"tag-svenska","17":"tag-sverige","18":"tag-sweden","19":"tag-swedish"},"share_on_mastodon":{"url":"https:\/\/pubeurope.com\/@se\/115695145637588043","error":""},"_links":{"self":[{"href":"https:\/\/www.europesays.com\/se\/wp-json\/wp\/v2\/posts\/101918","targetHints":{"allow":["GET"]}}],"collection":[{"href":"https:\/\/www.europesays.com\/se\/wp-json\/wp\/v2\/posts"}],"about":[{"href":"https:\/\/www.europesays.com\/se\/wp-json\/wp\/v2\/types\/post"}],"author":[{"embeddable":true,"href":"https:\/\/www.europesays.com\/se\/wp-json\/wp\/v2\/users\/2"}],"replies":[{"embeddable":true,"href":"https:\/\/www.europesays.com\/se\/wp-json\/wp\/v2\/comments?post=101918"}],"version-history":[{"count":0,"href":"https:\/\/www.europesays.com\/se\/wp-json\/wp\/v2\/posts\/101918\/revisions"}],"wp:featuredmedia":[{"embeddable":true,"href":"https:\/\/www.europesays.com\/se\/wp-json\/wp\/v2\/media\/101919"}],"wp:attachment":[{"href":"https:\/\/www.europesays.com\/se\/wp-json\/wp\/v2\/media?parent=101918"}],"wp:term":[{"taxonomy":"category","embeddable":true,"href":"https:\/\/www.europesays.com\/se\/wp-json\/wp\/v2\/categories?post=101918"},{"taxonomy":"post_tag","embeddable":true,"href":"https:\/\/www.europesays.com\/se\/wp-json\/wp\/v2\/tags?post=101918"}],"curies":[{"name":"wp","href":"https:\/\/api.w.org\/{rel}","templated":true}]}}