{"id":101920,"date":"2025-12-10T11:58:21","date_gmt":"2025-12-10T11:58:21","guid":{"rendered":"https:\/\/www.europesays.com\/se\/101920\/"},"modified":"2025-12-10T11:58:21","modified_gmt":"2025-12-10T11:58:21","slug":"successiv-minskning-av-nya-ansokningar","status":"publish","type":"post","link":"https:\/\/www.europesays.com\/se\/101920\/","title":{"rendered":"Successiv minskning av nya ans\u00f6kningar"},"content":{"rendered":"<p>Allt f\u00e4rre personer g\u00f6r sin f\u00f6rsta ans\u00f6kan om a-kassa. Sveriges a-kassor skriver att den successiva minskningen som inleddes i somras forts\u00e4tter under h\u00f6sten.<\/p>\n<p>I november var det 27 167 som ans\u00f6kte, vilket var en minskning med 5,6 procent fr\u00e5n f\u00f6rra m\u00e4ttillf\u00e4llet i september.<\/p>\n<p>\u2013 Detta och andra indikatorer pekar nu mot en mer positiv riktning men vi ska samtidigt komma ih\u00e5g att vi g\u00e5r fr\u00e5n historiskt h\u00f6ga niv\u00e5er p\u00e5 arbetsl\u00f6sheten, kommenterar Tomas Eriksson, kanslichef vid Sveriges a-kassor, i pressmeddelandet.<\/p>\n<p>Omni \u00e4r politiskt obundna och oberoende. Vi str\u00e4var efter att ge fler perspektiv p\u00e5 nyheterna. Har du fr\u00e5gor eller synpunkter kring v\u00e5r rapportering? <a href=\"https:\/\/omni.se\/sveriges-a-kassor-successiv-minskning-av-nya-ansokningar\/a\/mailto:redaktion@omni.se\" class=\"ArticleActions_contactLink__W2F1M\" rel=\"nofollow noopener\" target=\"_blank\">Kontakta redaktionen<\/a><\/p>\n","protected":false},"excerpt":{"rendered":"Allt f\u00e4rre personer g\u00f6r sin f\u00f6rsta ans\u00f6kan om a-kassa. Sveriges a-kassor skriver att den successiva minskningen som inleddes&hellip;\n","protected":false},"author":2,"featured_media":101921,"comment_status":"","ping_status":"","sticky":false,"template":"","format":"standard","meta":{"footnotes":""},"categories":[65],"tags":[720,72,70,71,34,31,33,5335,32,30],"class_list":{"0":"post-101920","1":"post","2":"type-post","3":"status-publish","4":"format-standard","5":"has-post-thumbnail","7":"category-ekonomi","8":"tag-arbetsmarknad","9":"tag-business","10":"tag-economy","11":"tag-ekonomi","12":"tag-se","13":"tag-svenska","14":"tag-sverige","15":"tag-sveriges-a-kassor","16":"tag-sweden","17":"tag-swedish"},"share_on_mastodon":{"url":"https:\/\/pubeurope.com\/@se\/115695157551111396","error":""},"_links":{"self":[{"href":"https:\/\/www.europesays.com\/se\/wp-json\/wp\/v2\/posts\/101920","targetHints":{"allow":["GET"]}}],"collection":[{"href":"https:\/\/www.europesays.com\/se\/wp-json\/wp\/v2\/posts"}],"about":[{"href":"https:\/\/www.europesays.com\/se\/wp-json\/wp\/v2\/types\/post"}],"author":[{"embeddable":true,"href":"https:\/\/www.europesays.com\/se\/wp-json\/wp\/v2\/users\/2"}],"replies":[{"embeddable":true,"href":"https:\/\/www.europesays.com\/se\/wp-json\/wp\/v2\/comments?post=101920"}],"version-history":[{"count":0,"href":"https:\/\/www.europesays.com\/se\/wp-json\/wp\/v2\/posts\/101920\/revisions"}],"wp:featuredmedia":[{"embeddable":true,"href":"https:\/\/www.europesays.com\/se\/wp-json\/wp\/v2\/media\/101921"}],"wp:attachment":[{"href":"https:\/\/www.europesays.com\/se\/wp-json\/wp\/v2\/media?parent=101920"}],"wp:term":[{"taxonomy":"category","embeddable":true,"href":"https:\/\/www.europesays.com\/se\/wp-json\/wp\/v2\/categories?post=101920"},{"taxonomy":"post_tag","embeddable":true,"href":"https:\/\/www.europesays.com\/se\/wp-json\/wp\/v2\/tags?post=101920"}],"curies":[{"name":"wp","href":"https:\/\/api.w.org\/{rel}","templated":true}]}}