{"id":101922,"date":"2025-12-10T11:59:16","date_gmt":"2025-12-10T11:59:16","guid":{"rendered":"https:\/\/www.europesays.com\/se\/101922\/"},"modified":"2025-12-10T11:59:16","modified_gmt":"2025-12-10T11:59:16","slug":"danmark-usa-ar-del-av-hotbilden-hufvudstadsbladet","status":"publish","type":"post","link":"https:\/\/www.europesays.com\/se\/101922\/","title":{"rendered":"Danmark: USA \u00e4r del av hotbilden &#8211; Hufvudstadsbladet"},"content":{"rendered":"<ol>\n<li><a href=\"https:\/\/news.google.com\/rss\/articles\/CBMieEFVX3lxTE0yTV9DN3hkdFJENW8tcXZaRWpOTFBXcV93aC1YOGpvQlU3SmVGXzZya1FxVVM2d0hHRTdzeDZwNnUzMFdhaTh0VmxMRU9zSkNHa2tpWDBod3hYTEg1anF6UF96OEgwSmZBVDRjUy00SHNkbThRVi1PRg?oc=5\" target=\"_blank\" rel=\"nofollow noopener\">Danmark: USA \u00e4r del av hotbilden<\/a>&nbsp;&nbsp;Hufvudstadsbladet<\/li>\n<li><a href=\"https:\/\/news.google.com\/rss\/articles\/CBMijgFBVV95cUxQODZ0UFQwd2M1UUpreFdMaFNTdmt1LXMxaFp3OG9qUndGMjNBNkRTUEd0OEE2NVVtUVY4cFJCUlkzN0ZXOXpmYW1SblhJU1piWF8tZFlWay11QTZkMXotcHRwR2ZBdFhjSDJGMmhKZWg5dlNmX1U4eFk1SFh1cUJWSTJadVpyVmo4VDc3bGRn?oc=5\" target=\"_blank\" rel=\"nofollow noopener\">USA pekas ut som del av hotbild i Danmark<\/a>&nbsp;&nbsp;Aftonbladet<\/li>\n<li><a href=\"https:\/\/news.google.com\/rss\/articles\/CBMijAFBVV95cUxQVVgtaWNERnhBemk2cDIweGxiWGgyTjRFNjk5YTlZMm40QXVkWFI2aW56YkwwWjhrVWJqMjNlYV9XTXFWUG50aS1IdG1UV1dDTmkzZFMwMG8tOFIyUkh2SS12dVdUSWNESl8wbXBZTldmZTh0SVN0Nk9mZUkxZkdSR05yOTVULTNVLWcxTA?oc=5\" target=\"_blank\" rel=\"nofollow noopener\">Danska milit\u00e4ren: Pekar ut USA f\u00f6r f\u00f6rsta g\u00e5ngen<\/a>&nbsp;&nbsp;Sveriges Radio<\/li>\n<li><a href=\"https:\/\/news.google.com\/rss\/articles\/CBMiigFBVV95cUxOalJJV2l6SHNlQnRxbTcyemdxRDBwZW45U1NqSU5NTWxkR2d0enl1RkNhWmRQZFdxQ3ZLMlBLMVhoVHRkbnpaa1pFbkFYM3dYdlNOc3ROeWZJNldVZWxTWTlZYkt6TklJWm5xbjVzWi1IbWY4dlBQeGdhQ2FlbUlBNjAtbExhMUtvQVE?oc=5\" target=\"_blank\" rel=\"nofollow noopener\">Dansk expert: G\u00f6r ont djupt in i sj\u00e4len att l\u00e4sa rapporten<\/a>&nbsp;&nbsp;Omni<\/li>\n<li><a href=\"https:\/\/news.google.com\/rss\/articles\/CBMigAFBVV95cUxQM1MzOXRwSmhnblZaUUptMW00YXBIUUp4bk55WDBjLUpOYnE1cTFXMFZvVGh6SkN6Z0pJLUhjakJTVGc2RDlTNUI4WW5kVG1YWGlWMjBWQ1h3cmRxRVVhQkpUYnA2X1EtNnBhWk5ackpOaVo3UHYwcGRPemhLOE9LSA?oc=5\" target=\"_blank\" rel=\"nofollow noopener\">Dansk underr\u00e4ttelsechef: USA v\u00e5r n\u00e4rmaste allierade<\/a>&nbsp;&nbsp;Omni<\/li>\n<\/ol>\n","protected":false},"excerpt":{"rendered":"Danmark: USA \u00e4r del av hotbilden&nbsp;&nbsp;Hufvudstadsbladet USA pekas ut som del av hotbild i Danmark&nbsp;&nbsp;Aftonbladet Danska milit\u00e4ren: Pekar&hellip;\n","protected":false},"author":2,"featured_media":101923,"comment_status":"","ping_status":"","sticky":false,"template":"","format":"standard","meta":{"footnotes":""},"categories":[14],"tags":[22,23,26,27,17,21,24,25,28,29,15,16,18,34,31,33,32,30,19,20,51,52,53,54],"class_list":{"0":"post-101922","1":"post","2":"type-post","3":"status-publish","4":"format-standard","5":"has-post-thumbnail","7":"category-varlden","8":"tag-breaking-news","9":"tag-breakingnews","10":"tag-featured-news","11":"tag-featurednews","12":"tag-headlines","13":"tag-huvudnyheter","14":"tag-latest-news","15":"tag-latestnews","16":"tag-main-news","17":"tag-mainnews","18":"tag-news","19":"tag-nyheter","20":"tag-rubriker","21":"tag-se","22":"tag-svenska","23":"tag-sverige","24":"tag-sweden","25":"tag-swedish","26":"tag-top-stories","27":"tag-topstories","28":"tag-varlden","29":"tag-world","30":"tag-world-news","31":"tag-worldnews"},"share_on_mastodon":{"url":"https:\/\/pubeurope.com\/@se\/115695161408773615","error":""},"_links":{"self":[{"href":"https:\/\/www.europesays.com\/se\/wp-json\/wp\/v2\/posts\/101922","targetHints":{"allow":["GET"]}}],"collection":[{"href":"https:\/\/www.europesays.com\/se\/wp-json\/wp\/v2\/posts"}],"about":[{"href":"https:\/\/www.europesays.com\/se\/wp-json\/wp\/v2\/types\/post"}],"author":[{"embeddable":true,"href":"https:\/\/www.europesays.com\/se\/wp-json\/wp\/v2\/users\/2"}],"replies":[{"embeddable":true,"href":"https:\/\/www.europesays.com\/se\/wp-json\/wp\/v2\/comments?post=101922"}],"version-history":[{"count":0,"href":"https:\/\/www.europesays.com\/se\/wp-json\/wp\/v2\/posts\/101922\/revisions"}],"wp:featuredmedia":[{"embeddable":true,"href":"https:\/\/www.europesays.com\/se\/wp-json\/wp\/v2\/media\/101923"}],"wp:attachment":[{"href":"https:\/\/www.europesays.com\/se\/wp-json\/wp\/v2\/media?parent=101922"}],"wp:term":[{"taxonomy":"category","embeddable":true,"href":"https:\/\/www.europesays.com\/se\/wp-json\/wp\/v2\/categories?post=101922"},{"taxonomy":"post_tag","embeddable":true,"href":"https:\/\/www.europesays.com\/se\/wp-json\/wp\/v2\/tags?post=101922"}],"curies":[{"name":"wp","href":"https:\/\/api.w.org\/{rel}","templated":true}]}}