{"id":101924,"date":"2025-12-10T12:01:15","date_gmt":"2025-12-10T12:01:15","guid":{"rendered":"https:\/\/www.europesays.com\/se\/101924\/"},"modified":"2025-12-10T12:01:15","modified_gmt":"2025-12-10T12:01:15","slug":"richard-herrey-darfor-lamnar-jag-moderaterna","status":"publish","type":"post","link":"https:\/\/www.europesays.com\/se\/101924\/","title":{"rendered":"Richard Herrey: D\u00e4rf\u00f6r l\u00e4mnar jag Moderaterna"},"content":{"rendered":"<p>I den drygt sju minuter l\u00e5nga videon som Herrey publicerat p\u00e5 bland annat X f\u00f6rklarar han hur nomineringsprocessen g\u00e5r till och vad det \u00e4r han mots\u00e4tter sig med den.<\/p>\n<p>Enligt honom spelar provvalet i Stockholms l\u00e4n \u2013 d\u00e4r medlemmarna uppmanas r\u00f6sta p\u00e5 sina favoriter inf\u00f6r kommande val \u2013 som g\u00f6rs i samband med nomineringsprocessen ingen roll.<\/p>\n<p>\u2013 Provvalsresultatet ska numera vara r\u00e5dgivande. I praktiken betyder detta att det \u00e4r ignorerande. Man struntar totalt i provvalet.<\/p>\n<p>I och med \u00e5rets provval hade medlemmarna enligt Herrey honom p\u00e5 valbar plats f\u00f6r tredje provvalet i rad, medan nomineringskommitt\u00e9n placerade honom utanf\u00f6r valbar plats f\u00f6r tredje g\u00e5ngen i rad.<\/p>\n<p>\u2013 Detta m\u00e5ste v\u00e4l i sig vara n\u00e5got slags rekord. Jag tror aldrig att det har h\u00e4nt n\u00e5gon g\u00e5ng att n\u00e5gon representant har av v\u00e4ljarna placerats som valbar men av nomineringskommitt\u00e9n placerats som icke-valbar i tre val i rad.<\/p>\n<p> \u201dUppenbarligen har jag stort folkligt st\u00f6d\u201d <\/p>\n<p>Vidare uppger han att han i f\u00f6rra valet var den mest kryssade moderaten \u2013 trots att han hade plats 17 p\u00e5 listan.<\/p>\n<p>\u2013 Uppenbarligen har jag stort folkligt st\u00f6d, jag har medlemmarnas st\u00f6d, men \u00e4nd\u00e5 placeras jag varje g\u00e5ng utanf\u00f6r valbar plats.<\/p>\n<p>Han menar att folkligt st\u00f6d inte r\u00e4knas i nomineringsprocessen.<\/p>\n<p>\u2013 Det som r\u00e4knas, vad jag tror i alla fall och det som upplevs, \u00e4r om man har gamla kompisar fr\u00e5n MUF. Och just det h\u00e4r \u00e4r det som blir v\u00e4ldigt konstigt f\u00f6r mig.<\/p>\n<p>Enligt honom \u00e4r han den enda som i tv\u00e5 partist\u00e4mmor i rad har ifr\u00e5gasatt f\u00f6rfarandet. Svaret han har f\u00e5tt, uppger han, \u00e4r att det \u00e4r s\u00e5 det g\u00e5r till i Stockholms l\u00e4n.<\/p>\n<p>\u2013 F\u00f6r mig \u00e4r detta helt ofattbart. Den grundl\u00e4ggande demokratiska principen att man ska lyssna p\u00e5 v\u00e4ljarna och medlemmarna, den kan man bara inte l\u00e4gga \u00e5t sidan. Men det g\u00f6r man faktiskt.<\/p>\n<p>Mot den bakgrunden l\u00e4mnar han nu partiet.<\/p>\n<p>\u2013 Jag fixar inte att st\u00e5 med rak rygg och f\u00f6rklara f\u00f6r medlemmarna, f\u00f6rklara f\u00f6r v\u00e4ljarna, hur detta g\u00e5r till. Jag har sv\u00e5rt att f\u00f6rklara f\u00f6r er som tittar p\u00e5 det h\u00e4r hur detta egentligen g\u00e5r till, men det g\u00e5r till s\u00e5 h\u00e4r.<\/p>\n<blockquote class=\"twitter-tweet\">\n<p dir=\"ltr\" lang=\"sv\">En liten f\u00f6rklaring till mitt besked att l\u00e4mna moderaterna. Det blir en lite l\u00e4ngre video. <br \/>\u00c4nd\u00e5 tar jag inte med allt som skulle beh\u00f6va s\u00e4gas. <br \/>Jag m\u00e5ste tacka alla som genom \u00e5ren st\u00f6ttat och givit st\u00f6d, b\u00e5de v\u00e4ljare, medlemmar och f\u00f6ljare. <\/p>\n<p>Vill speciellt tacka de som det\u2026 <a href=\"https:\/\/t.co\/siYWieYaJp\" rel=\"nofollow\">pic.twitter.com\/siYWieYaJp<\/a><\/p>\n<p> \u2014 Richard Herrey (@RichardHerrey) <a href=\"https:\/\/twitter.com\/RichardHerrey\/status\/1998663626857578769?ref_src=twsrc%5Etfw\" rel=\"nofollow noopener\" target=\"_blank\">December 10, 2025<\/a><\/p><\/blockquote>\n<p>Bulletin s\u00f6ker Stockholmsmoderaterna f\u00f6r en kommentar.<\/p>\n<p><script async src=\"https:\/\/platform.twitter.com\/widgets.js\" charset=\"utf-8\"><\/script><\/p>\n","protected":false},"excerpt":{"rendered":"I den drygt sju minuter l\u00e5nga videon som Herrey publicerat p\u00e5 bland annat X f\u00f6rklarar han hur nomineringsprocessen&hellip;\n","protected":false},"author":2,"featured_media":101925,"comment_status":"","ping_status":"","sticky":false,"template":"","format":"standard","meta":{"footnotes":""},"categories":[5],"tags":[22,23,26,27,17,21,24,25,28,29,15,16,18,34,31,33,32,30,19,20],"class_list":{"0":"post-101924","1":"post","2":"type-post","3":"status-publish","4":"format-standard","5":"has-post-thumbnail","7":"category-rubriker","8":"tag-breaking-news","9":"tag-breakingnews","10":"tag-featured-news","11":"tag-featurednews","12":"tag-headlines","13":"tag-huvudnyheter","14":"tag-latest-news","15":"tag-latestnews","16":"tag-main-news","17":"tag-mainnews","18":"tag-news","19":"tag-nyheter","20":"tag-rubriker","21":"tag-se","22":"tag-svenska","23":"tag-sverige","24":"tag-sweden","25":"tag-swedish","26":"tag-top-stories","27":"tag-topstories"},"share_on_mastodon":{"url":"https:\/\/pubeurope.com\/@se\/115695169278478101","error":""},"_links":{"self":[{"href":"https:\/\/www.europesays.com\/se\/wp-json\/wp\/v2\/posts\/101924","targetHints":{"allow":["GET"]}}],"collection":[{"href":"https:\/\/www.europesays.com\/se\/wp-json\/wp\/v2\/posts"}],"about":[{"href":"https:\/\/www.europesays.com\/se\/wp-json\/wp\/v2\/types\/post"}],"author":[{"embeddable":true,"href":"https:\/\/www.europesays.com\/se\/wp-json\/wp\/v2\/users\/2"}],"replies":[{"embeddable":true,"href":"https:\/\/www.europesays.com\/se\/wp-json\/wp\/v2\/comments?post=101924"}],"version-history":[{"count":0,"href":"https:\/\/www.europesays.com\/se\/wp-json\/wp\/v2\/posts\/101924\/revisions"}],"wp:featuredmedia":[{"embeddable":true,"href":"https:\/\/www.europesays.com\/se\/wp-json\/wp\/v2\/media\/101925"}],"wp:attachment":[{"href":"https:\/\/www.europesays.com\/se\/wp-json\/wp\/v2\/media?parent=101924"}],"wp:term":[{"taxonomy":"category","embeddable":true,"href":"https:\/\/www.europesays.com\/se\/wp-json\/wp\/v2\/categories?post=101924"},{"taxonomy":"post_tag","embeddable":true,"href":"https:\/\/www.europesays.com\/se\/wp-json\/wp\/v2\/tags?post=101924"}],"curies":[{"name":"wp","href":"https:\/\/api.w.org\/{rel}","templated":true}]}}