{"id":101934,"date":"2025-12-10T12:12:08","date_gmt":"2025-12-10T12:12:08","guid":{"rendered":"https:\/\/www.europesays.com\/se\/101934\/"},"modified":"2025-12-10T12:12:08","modified_gmt":"2025-12-10T12:12:08","slug":"jag-tar-en-herpestablett-i-kvall-ar-det-nobelfest","status":"publish","type":"post","link":"https:\/\/www.europesays.com\/se\/101934\/","title":{"rendered":"Jag tar en herpestablett \u2013\u00a0i kv\u00e4ll \u00e4r det Nobelfest"},"content":{"rendered":"<p>I kv\u00e4ll \u00e4r det dags. Nobelmiddagen. Jag ser Tre kronor fr\u00e5n mitt f\u00f6nster h\u00e4r fr\u00e5n hotellrummet. Jag har tagit en herpestablett eftersom jag alltid f\u00e5r muns\u00e5r n\u00e4r jag \u00e4r s\u00e5 h\u00e4r stressad.<\/p>\n<p><strong>Adina<\/strong> tycker jag sl\u00f6sar p\u00e5 \u201dguldet\u201d n\u00e4r jag bara tar det i f\u00f6rebyggande syfte men jag pallar inte k\u00e4nna herpesen bubbla upp under middagen.<\/p>\n<p><img loading=\"lazy\"   alt=\"\"\/><\/p>\n<p>Herpestabletterna.<\/p>\n<p>Foto: Privat<\/p>\n<p>Jag fick ett sms fr\u00e5n min bildredakt\u00f6r p\u00e5 Expressen nyss.\u00a0<\/p>\n<p>\u201dMan beh\u00f6ver vara ganska flink upp f\u00f6r trappan efter middagen. T\u00e4nk p\u00e5 det! Annars fastnar man i en k\u00f6 med hundratals andra och det kan ta en timme att komma upp p\u00e5 \u00f6verv\u00e5ningen.\u201d<\/p>\n<p><strong>Jag stirrade p\u00e5 meddelandet. Hittills hade jag ju bara haft kl\u00e4nningen, researchen kring Nobelpristagarna och vad jag skulle ha p\u00e5 mig att oroa mig f\u00f6r. Trappan har jag inte ens t\u00e4nkt p\u00e5.<\/strong><\/p>\n<p><strong>\u201dOm det hopar sig s\u00e5 tr\u00e4ng dig!\u201d fortsatte han.\u00a0<\/strong><\/p>\n<p>\u201dDet kan jag ju inte\u201d, svarade jag och s\u00e5g framf\u00f6r mig hur jag armb\u00e5gade mig f\u00f6rbi en gammal tant som visade sig vara <strong>prinsessan Christina<\/strong>.<\/p>\n<p><img loading=\"lazy\"   alt=\"\"\/><\/p>\n<p>Prinsessan Christina och Tord Magnuson vid kungens middag f\u00f6r Nobelpristagarna p\u00e5 Slottet 2023.<\/p>\n<p>Foto: Jonas Ekstr\u00f6mer\/TT<\/p>\n<p>\u201dNej, okej, men d\u00e5 f\u00e5r du resa dig fort. Det \u00e4r s\u00e5 politikerna g\u00f6r.\u201d<\/p>\n<p>\u201dOki\u201d, svarade jag och hoppades att jag skulle tr\u00e4ffa <strong>Nooshi Dadgostar<\/strong> i trappan.\u00a0<\/p>\n<p>Hon och jag har aldrig st\u00f6tt p\u00e5 varandra f\u00f6rut men ska ta en barrunda i Malm\u00f6 i januari. Det \u00e4r s\u00e5 n\u00e4ra en \u201dv\u00e4n\u201d jag kommer p\u00e5 den h\u00e4r middagen.\u00a0<\/p>\n<p>M\u00f6jligen ocks\u00e5 <strong>Jessica Gedin<\/strong>.\u00a0<\/p>\n<p>\u201dDet kommer g\u00e5 j\u00e4ttebra\u201d, sa Jessica n\u00e4r vi snackade i morse, \u201ddu kommer sitta vid n\u00e5got kul bord och ha massa sp\u00e4nnande samtal.\u201d<\/p>\n<p>\u201dTror du?\u201d fr\u00e5gade jag.<\/p>\n<blockquote><p>\u201dInget av detta visade sig vara mitt st\u00f6rsta problem\u201d<\/p><\/blockquote>\n<p>N\u00e4r vi la p\u00e5 googlade jag vem <strong>Tone Schunnesson<\/strong> suttit bredvid f\u00f6rra \u00e5ret n\u00e4r hon var p\u00e5 middagen f\u00f6r Aftonbladets r\u00e4kning. <strong>Peter Englund<\/strong>. Svenska Akademi-Peter Englund. Vi \u00e4r f\u00f6rvisso p\u00e5 samma f\u00f6rlag men vad ska jag snacka med honom om? Sex, k\u00e4rlek, sport?\u00a0<\/p>\n<p>F\u00f6r ett tag sen tr\u00e4ffade jag en psykoanalytiker n\u00e4r jag var p\u00e5 \u201dBabel\u201d och det enda jag fick ur mig var: \u201dVad tycker du om <strong>Freud<\/strong> d\u00e5?\u201d<\/p>\n<p><strong>Inget av detta visade sig dock vara mitt st\u00f6rsta problem denna morgon. Det var n\u00e4r jag ringde fotografen som ska ta bilder p\u00e5 mig i kv\u00e4ll.<\/strong><\/p>\n<p><img loading=\"lazy\"   alt=\"\"\/><\/p>\n<p>Systern Adina hj\u00e4lper till med kl\u00e4nningarna.<\/p>\n<p>Foto: JONAS ENG<\/p>\n<p><img loading=\"lazy\"   alt=\"\"\/><\/p>\n<p>\u201dJag f\u00f6rst\u00f6r mina nerver i fingrarna\u201d, klagar Adina eftersom hon beh\u00f6ver sy s\u00e5 mycket.<\/p>\n<p>Foto: JONAS ENG<\/p>\n<p>\u201dDu f\u00e5r g\u00e4rna regissera mig lite\u201d, sa jag. \u201dTyp s\u00e4ga hur du vill ha dem. Om jag st\u00e5r f\u00f6r kutryggig eller ler konstigt.\u201d<\/p>\n<p>\u201dJag t\u00e4nker att jag tar de flesta efter middagen\u201d, svarade fotografen. \u201dN\u00e4r du lyckats ta dig upp p\u00e5 ovanv\u00e5ningen. N\u00e4r du dansar.\u201d<\/p>\n<p>Dansar????\u00a0<\/p>\n<p>\u00c5h nej.\u00a0<\/p>\n<p><strong>Jag hade gl\u00f6mt dansen. En miljon bilder av dansande politiker och kungligheter exploderade framf\u00f6r mina \u00f6gon. Den tydligaste p\u00e5 Magdalena Andersson och hennes man. Rakryggade, eleganta. Var det vals man dansade? Jag kan inte dansa.<\/strong><\/p>\n<p>Tv\u00e5 g\u00e5nger har jag blivit uppbjuden i mitt liv. En g\u00e5ng p\u00e5 F\u00e4r\u00f6arna och en g\u00e5ng av farfar n\u00e4r han levde. B\u00e5da g\u00e5ngerna har jag sagt samma sak: Nej, men jag kan inte dansa, det g\u00e5r inte. Och b\u00e5da g\u00e5ngerna har m\u00e4nnen str\u00e4ckt fram sina armar och svarat: Jo, men jag f\u00f6r, det kommer ordna sig.<\/p>\n<p>Utan att k\u00e4nna att jag hade n\u00e5got val f\u00f6ljde jag med dem upp p\u00e5 dansgolvet bara f\u00f6r att ta n\u00e5gra stapplande steg innan de b\u00e5da tv\u00e5 konstaterade: Men Gud, du kan verkligen inte dansa\u2026 Sen fick vi st\u00e5 d\u00e4r i fyra f\u00f6rnedrande minuter och hoppa runt.<\/p>\n<p><img loading=\"lazy\"   alt=\"\"\/><\/p>\n<p>\u201dJag har \u00e4ven min rosa korsett som jag gillar\u201d, skriver Amanda Romare.<\/p>\n<p>Foto: JONAS ENG<\/p>\n<p><img loading=\"lazy\"   alt=\"\"\/><\/p>\n<p>Kl\u00e4nningsvalet \u00e4r fortfarande en \u00f6ppen fr\u00e5ga.<\/p>\n<p>Foto: JONAS ENG<\/p>\n<p>Jag ringde min syster Adina:<\/p>\n<p>\u201dTror du det \u00e4r vals?\u201d<\/p>\n<p>\u201dDet \u00e4r ju inte tango i alla fall\u201d, svarade hon.<\/p>\n<p>Jag googlade och AI svarade:<\/p>\n<p>\u201dJa, det blir vals p\u00e5 Nobelfesten i Gyllene salen efter banketten i Stadshuset, d\u00e4r pristagare, politiker och professorer dansar, ofta till efter midnatt, \u00e4ven om dansgolvet kan verka lite stelt innan de sl\u00e4pper loss ordentligt, vilket \u00e4r en central del av traditionen f\u00f6r att fira priserna.\u201d<\/p>\n<blockquote><p>Jag googlade: Dansar vanliga m\u00e4nniskor?<\/p><\/blockquote>\n<p>Jag googlade igen: Vals p\u00e5 nobelmiddagen dansar vanliga m\u00e4nniskor?<\/p>\n<p>\u201dJa,\u00a0vanliga m\u00e4nniskor dansar p\u00e5 Nobelmiddagen; det \u00e4r en viktig del av festen efter banketten i Bl\u00e5 hallen, d\u00e4r kungafamiljen och pristagarna dansar med sina g\u00e4ster, ambassad\u00f6rer och andra inbjudna i Gyllene salen, och valsen \u00e4r en central del av dansen, \u00e4ven om det inte bara \u00e4r &#8217;vanliga&#8217; utan m\u00e5nga k\u00e4nda och prominenta personer i en storslagen festlighet.\u201d<\/p>\n<p><strong>Sen stod det att det \u00e4ven kan bli lite funk och soul senare efter midnatt, men hur i tusan undviker jag kasedansen?<\/strong><\/p>\n<p>Jag hinner ju inte l\u00e4ra mig att dansa p\u00e5 n\u00e5gra timmar? Inte n\u00e4r jag ska till fris\u00f6ren, best\u00e4mma vilken kl\u00e4nning jag ska ha p\u00e5 mig (ja\u2026 jag har inte gjort den \u00e4n) och f\u00f6rs\u00f6ka g\u00e5 och h\u00e4mta lite smycken p\u00e5 Avavav. Jag har dock landat i skor. Det blev inga av skorna jag hade t\u00e4nkt utan mina gamla jag k\u00f6pt fr\u00e5n Ancuta Sarca.\u00a0<\/p>\n<p><img loading=\"lazy\"   alt=\"\"\/><\/p>\n<p>Amanda Romare har till slut landat i vilka skor hon ska ha&#8230;<\/p>\n<p>Foto: Privat<\/p>\n<p><img loading=\"lazy\"   alt=\"\"\/><\/p>\n<p>&#8230;det blev inga av de hon hade t\u00e4nkt sig \u2013 utan n\u00e5gra gamla fr\u00e5n Ancuta Sarca.<\/p>\n<p>Foto: Privat<\/p>\n<p>Jag tror inte de kommer synas s\u00e5 mycket dock. Vilken av kl\u00e4nningarna jag \u00e4n v\u00e4ljer s\u00e5 \u00e4r de ju l\u00e5nga. Adina h\u00e5ller precis p\u00e5 att bli klar med sitt bidrag. En svart i sammet.<\/p>\n<p>Annons<\/p>\n<p><strong>\u201dJag f\u00f6rst\u00f6r mina nerver i fingrarna\u201d, klagar hon eftersom hon beh\u00f6ver sy s\u00e5 mycket f\u00f6r hand. Jag tror kanske det lutar \u00e5t den, men d\u00e5 k\u00e4nner jag mig taskig mot Friggebo n\u00e4r hennes kl\u00e4nning ocks\u00e5 var snygg. Jag har \u00e4ven min rosa korsett som jag gillar.\u00a0<\/strong><\/p>\n<p>Min tjugotre\u00e5riga lillebror ringde nyss, han har l\u00e4st mina artiklar.<\/p>\n<p>\u201dDet \u00e4r s\u00e5 j\u00e4kla kul hur du tar tillbaka 50-talskvinnan, Amanda. Att det enda du bryr dig om \u00e4r vad du ska ha p\u00e5 dig\u2026\u201d<\/p>\n<p>Han skickade en bild till mig.<\/p>\n<p>\u201dDen h\u00e4r kom upp p\u00e5 min Facebook h\u00e4romdagen, n\u00e4r du r\u00e4ckte fuck you till kameran och inte brydde dig om saker. Gamle goe Amanda\u2026\u201d<\/p>\n<p><img loading=\"lazy\"   alt=\"\"\/><\/p>\n<p>Lillebrors bild: \u201dEn ljuvligare, mindre f\u00f6rst\u00f6rd Amanda.\u201d<\/p>\n<p>Foto: Privat<\/p>\n<p>Jag granskade bilden. Det var verkligen gamle goe Amanda. En ljuvligare, mindre f\u00f6rst\u00f6rd Amanda. Det gjorde mig lite ledsen. Jag var \u00e4ven sj\u00e4lv inne p\u00e5 Facebook h\u00e4romdagen n\u00e4r min egen artikel d\u00f6k upp i fl\u00f6det, min f\u00f6rsta om att jag skulle g\u00e5 p\u00e5 Nobelmiddagen. Det fanns nio kommentarer. Tv\u00e5 av dem var: \u201dHon kan ju bara tacka nej om hon inte vill g\u00e5?\u201d<\/p>\n<p><strong>Och det st\u00e4mmer ju. Varf\u00f6r klagar jag s\u00e5 mycket\u2026 varf\u00f6r \u00e4r jag s\u00e5 r\u00e4dd? Varf\u00f6r tackar jag ja till event som jag vet att jag typ kommer bryta ihop av? F\u00f6r att Nobelfesten kanske man bara g\u00e5r p\u00e5 en g\u00e5ng i livet.<\/strong><\/p>\n<p>Jag m\u00e5ste f\u00f6rs\u00f6ka ha kul, t\u00e4nker jag samtidigt som jag g\u00f6r mig redo f\u00f6r att g\u00e5 till fris\u00f6ren.\u00a0<\/p>\n<p>Jag har best\u00e4mt mig f\u00f6r att ha en slags \u201dslapp\u201d fl\u00e4ta. Vi f\u00e5r se hur det blir. Min v\u00e4n och kollega i branschen <strong>Michaela Hamilton<\/strong> har tipsat om fris\u00f6r i Stockholm och innan dess ska jag g\u00f6ra ett pit-stop p\u00e5 Max och testa deras Nobelmeny.<\/p>\n<p><strong>DEL 1: <\/strong><a href=\"https:\/\/www.expressen.se\/kronikorer\/amanda-romare-jag-en-gris-skickas-pa-nobelmiddagen\" rel=\"nofollow noopener\" target=\"_blank\"><strong>Jag, en gris, skickas p\u00e5 Nobelfesten<\/strong><\/a><\/p>\n<p><strong>DEL 2: <\/strong><a href=\"https:\/\/www.expressen.se\/kronikorer\/amanda-romare-min-ocd-ballar--ur-vad-ska-jag-ha-for-klanning\/\" rel=\"nofollow noopener\" target=\"_blank\"><strong>Min OCD ballar ur \u2013 vad ska jag ha f\u00f6r kl\u00e4nning?<\/strong><\/a><strong>\u00a0<\/strong><\/p>\n<p>EXPRESSENS BOKKLUBB \u2013\u00a0NOBELSPECIAL<img alt=\"\"\/>Ljudklippet gick inte att spela upp<\/p>\n<p>F\u00f6rs\u00f6k igen senare<\/p>\n","protected":false},"excerpt":{"rendered":"I kv\u00e4ll \u00e4r det dags. Nobelmiddagen. Jag ser Tre kronor fr\u00e5n mitt f\u00f6nster h\u00e4r fr\u00e5n hotellrummet. Jag har&hellip;\n","protected":false},"author":2,"featured_media":101935,"comment_status":"","ping_status":"","sticky":false,"template":"","format":"standard","meta":{"footnotes":""},"categories":[67],"tags":[104,11610,1022,34,31,33,32,30,105],"class_list":{"0":"post-101934","1":"post","2":"type-post","3":"status-publish","4":"format-standard","5":"has-post-thumbnail","7":"category-underhallning","8":"tag-entertainment","9":"tag-newsstory-nobelfesten-2025","10":"tag-organization-nobelpriset","11":"tag-se","12":"tag-svenska","13":"tag-sverige","14":"tag-sweden","15":"tag-swedish","16":"tag-underhallning"},"share_on_mastodon":{"url":"https:\/\/pubeurope.com\/@se\/115695212530814937","error":""},"_links":{"self":[{"href":"https:\/\/www.europesays.com\/se\/wp-json\/wp\/v2\/posts\/101934","targetHints":{"allow":["GET"]}}],"collection":[{"href":"https:\/\/www.europesays.com\/se\/wp-json\/wp\/v2\/posts"}],"about":[{"href":"https:\/\/www.europesays.com\/se\/wp-json\/wp\/v2\/types\/post"}],"author":[{"embeddable":true,"href":"https:\/\/www.europesays.com\/se\/wp-json\/wp\/v2\/users\/2"}],"replies":[{"embeddable":true,"href":"https:\/\/www.europesays.com\/se\/wp-json\/wp\/v2\/comments?post=101934"}],"version-history":[{"count":0,"href":"https:\/\/www.europesays.com\/se\/wp-json\/wp\/v2\/posts\/101934\/revisions"}],"wp:featuredmedia":[{"embeddable":true,"href":"https:\/\/www.europesays.com\/se\/wp-json\/wp\/v2\/media\/101935"}],"wp:attachment":[{"href":"https:\/\/www.europesays.com\/se\/wp-json\/wp\/v2\/media?parent=101934"}],"wp:term":[{"taxonomy":"category","embeddable":true,"href":"https:\/\/www.europesays.com\/se\/wp-json\/wp\/v2\/categories?post=101934"},{"taxonomy":"post_tag","embeddable":true,"href":"https:\/\/www.europesays.com\/se\/wp-json\/wp\/v2\/tags?post=101934"}],"curies":[{"name":"wp","href":"https:\/\/api.w.org\/{rel}","templated":true}]}}