{"id":101936,"date":"2025-12-10T12:14:13","date_gmt":"2025-12-10T12:14:13","guid":{"rendered":"https:\/\/www.europesays.com\/se\/101936\/"},"modified":"2025-12-10T12:14:13","modified_gmt":"2025-12-10T12:14:13","slug":"avvaktande-bors-infor-fed-besked-placera-se","status":"publish","type":"post","link":"https:\/\/www.europesays.com\/se\/101936\/","title":{"rendered":"Avvaktande b\u00f6rs inf\u00f6r Fed-besked | Placera.se"},"content":{"rendered":"<p class=\"font-sans text-base text-text-main dark:text-text-main-dark font-normal leading-[1.4]\"> Clas Ohlson rasade efter sin del\u00e5rsrapport och Husqvarna sj\u00f6nk efter att ha presenterat nya finansiella m\u00e5l.<\/p>\n<p class=\"font-sans text-base text-text-main dark:text-text-main-dark font-normal leading-[1.4]\">Omkring klockan 12.15 var storbolagsindexet OMXS30 ned 0,4 procent till 2.799. Aktier f\u00f6r cirka 4,5 miljarder kronor hade d\u00e5 omsatts p\u00e5 Stockholmsb\u00f6rsen i sin helhet.<\/p>\n<p class=\"font-sans text-base text-text-main dark:text-text-main-dark font-normal leading-[1.4]\">Ute i Europa var tyska DAX-index och franska CAC40 b\u00e5da ned omkring 0,5 procent.<\/p>\n<p class=\"font-sans text-base text-text-main dark:text-text-main-dark font-normal leading-[1.4]\">Inom OMXS30 gick gruv- och sm\u00e4ltverksbolaget starkast med en uppg\u00e5ng om 1,1 procent.<\/p>\n<p class=\"font-sans text-base text-text-main dark:text-text-main-dark font-normal leading-[1.4]\">Bland f\u00f6rlorarna fanns f\u00f6rsvarskoncernen Saab som tappade 1,9 procent efter fyra raka handelsdagar med uppg\u00e5ngar d\u00e4r diskussionerna om ett fredsavtal i Ukraina varit i fokus.<\/p>\n<p class=\"font-sans text-base text-text-main dark:text-text-main-dark font-normal leading-[1.4]\">Utanf\u00f6r OMXS30 f\u00f6ll Husqvarna 2,3 procent. Tr\u00e4dg\u00e5rdsproduktbolaget har sl\u00e4ppt nya finansiella m\u00e5l inf\u00f6r sin kapitalmarknadsdag. Husqvarna har \u00e4ven lanserat ett nytt kostnadsbesparingsprogram som v\u00e4ntas generera \u00e5rliga besparingar om 4 miljarder kronor vid slutet av 2030. Vd Glen Instone uppgav \u00e4ven att bolaget ser en fortsatt svag marknad i det fj\u00e4rde kvartalet.<\/p>\n<p class=\"font-sans text-base text-text-main dark:text-text-main-dark font-normal leading-[1.4]\">&#8221;Konsumentsentimentet \u00e4r l\u00e5gt just nu&#8221;, sade han till Nyhetsbyr\u00e5n Direkt.<\/p>\n<p class=\"font-sans text-base text-text-main dark:text-text-main-dark font-normal leading-[1.4]\">Detaljhandelsf\u00f6retaget Clas Ohlson, vars aktie har g\u00e5tt starkt i \u00e5r, rasade 17 procent efter att publicerat sin del\u00e5rsrapport f\u00f6r det andra kvartalet (augusti-oktober) i sitt brutna r\u00e4kenskaps\u00e5r som var n\u00e5gorlunda i linje med analytikernas f\u00f6rv\u00e4ntningar enligt Infront. Pareto Securities skrev dock i en kommentar att de f\u00f6rv\u00e4ntar sig att beh\u00f6va s\u00e4nka sitt estimat f\u00f6r Clas Ohlsons resultat per aktie f\u00f6r det innevarande brutna hel\u00e5ret med ett medelh\u00f6gt tal.<\/p>\n<p class=\"font-sans text-base text-text-main dark:text-text-main-dark font-normal leading-[1.4]\">Life science-bolaget Addvise har mottagit ett uppk\u00f6psbud fr\u00e5n Amplex. Erbjudandet v\u00e4rderar Addvise totalt till cirka 1,05 miljarder kronor, motsvarande 1:65 kronor per B-aktie. B-aktien rusade n\u00e4ra 29 procent till 1:50 kronor.<\/p>\n<p class=\"font-sans text-base text-text-main dark:text-text-main-dark font-normal leading-[1.4]\">Bostadsplattformen Hemnet avancerade 6 procent. Aktien har sedan beskedet om en ny annonsmodell i f\u00f6rra veckan handlats sv\u00e4ngigt med tendens till \u00e5terh\u00e4mtning efter att ha sjunkit rej\u00e4lt tidigare i \u00e5r.<\/p>\n<p class=\"font-sans text-base text-text-main dark:text-text-main-dark font-normal leading-[1.4]\">Fastighetsbolaget Platzer steg 1,8 procent efter beslutet om att genomf\u00f6ra \u00e5terk\u00f6p av egna B-aktier f\u00f6r upp till 100 miljoner kronor.<\/p>\n<p class=\"font-sans text-base text-text-main dark:text-text-main-dark font-normal leading-[1.4]\">P\u00e5 analysfronten har ABG Sundal Collier inlett bevakning av installationsf\u00f6retaget Bravida med en k\u00f6prekommendation. Enligt banken finns nu tecken p\u00e5 f\u00f6rb\u00e4ttringar efter att \u00e5terh\u00e4mtningen varit tr\u00f6gare \u00e4n v\u00e4ntat. Aktien steg 0,9 procent.<\/p>\n<p class=\"font-sans text-base text-text-main dark:text-text-main-dark font-normal leading-[1.4]\">FM Mattsson, tillverkare av sanitetsarmaturer som vattenkranar och termostatblandare, steg drygt 8 procent sedan Aktiespararna satt en k\u00f6pst\u00e4mpel p\u00e5 aktien.<\/p>\n<p class=\"font-sans text-base text-text-main dark:text-text-main-dark font-normal leading-[1.4]\">Graf: OMXS30 onsdagen den 10 december<\/p>\n<p class=\"font-sans text-base text-text-main dark:text-text-main-dark font-normal leading-[1.4]\"><a class=\"text-primary-90 underline hover:text-primary-110 hover:no-underline\" rel=\"noopener noreferrer\" target=\"_blank\" href=\"https:\/\/www.europesays.com\/se\/wp-content\/uploads\/2025\/12\/652121401.png\"><img decoding=\"async\" src=\"https:\/\/www.europesays.com\/se\/wp-content\/uploads\/2025\/12\/652121401.png\" alt=\"image\" class=\"rounded-2xl max-w-full\"\/><\/a>K\u00e4lla: Infront<\/p>\n","protected":false},"excerpt":{"rendered":"Clas Ohlson rasade efter sin del\u00e5rsrapport och Husqvarna sj\u00f6nk efter att ha presenterat nya finansiella m\u00e5l. Omkring klockan&hellip;\n","protected":false},"author":2,"featured_media":67270,"comment_status":"","ping_status":"","sticky":false,"template":"","format":"standard","meta":{"footnotes":""},"categories":[65],"tags":[11650,11651,5908,72,3359,70,71,11648,8851,11649,11647,2200,34,31,33,32,30],"class_list":{"0":"post-101936","1":"post","2":"type-post","3":"status-publish","4":"format-standard","5":"has-post-thumbnail","7":"category-ekonomi","8":"tag-addvise-group","9":"tag-addvise-group-a","10":"tag-bravida-holding","11":"tag-business","12":"tag-clas-ohlson","13":"tag-economy","14":"tag-ekonomi","15":"tag-fm-mattsson-mora-group","16":"tag-husqvarna","17":"tag-husqvarna-a","18":"tag-platzer-fastigheter-holding","19":"tag-saab","20":"tag-se","21":"tag-svenska","22":"tag-sverige","23":"tag-sweden","24":"tag-swedish"},"share_on_mastodon":{"url":"https:\/\/pubeurope.com\/@se\/115695220620740372","error":""},"_links":{"self":[{"href":"https:\/\/www.europesays.com\/se\/wp-json\/wp\/v2\/posts\/101936","targetHints":{"allow":["GET"]}}],"collection":[{"href":"https:\/\/www.europesays.com\/se\/wp-json\/wp\/v2\/posts"}],"about":[{"href":"https:\/\/www.europesays.com\/se\/wp-json\/wp\/v2\/types\/post"}],"author":[{"embeddable":true,"href":"https:\/\/www.europesays.com\/se\/wp-json\/wp\/v2\/users\/2"}],"replies":[{"embeddable":true,"href":"https:\/\/www.europesays.com\/se\/wp-json\/wp\/v2\/comments?post=101936"}],"version-history":[{"count":0,"href":"https:\/\/www.europesays.com\/se\/wp-json\/wp\/v2\/posts\/101936\/revisions"}],"wp:featuredmedia":[{"embeddable":true,"href":"https:\/\/www.europesays.com\/se\/wp-json\/wp\/v2\/media\/67270"}],"wp:attachment":[{"href":"https:\/\/www.europesays.com\/se\/wp-json\/wp\/v2\/media?parent=101936"}],"wp:term":[{"taxonomy":"category","embeddable":true,"href":"https:\/\/www.europesays.com\/se\/wp-json\/wp\/v2\/categories?post=101936"},{"taxonomy":"post_tag","embeddable":true,"href":"https:\/\/www.europesays.com\/se\/wp-json\/wp\/v2\/tags?post=101936"}],"curies":[{"name":"wp","href":"https:\/\/api.w.org\/{rel}","templated":true}]}}