{"id":101937,"date":"2025-12-10T12:17:14","date_gmt":"2025-12-10T12:17:14","guid":{"rendered":"https:\/\/www.europesays.com\/se\/101937\/"},"modified":"2025-12-10T12:17:14","modified_gmt":"2025-12-10T12:17:14","slug":"dn-direkt-nestle-aterkallar-mjolkersattning-for-bebisar","status":"publish","type":"post","link":"https:\/\/www.europesays.com\/se\/101937\/","title":{"rendered":"DN Direkt \u2013 Nestl\u00e9 \u00e5terkallar mj\u00f6lkers\u00e4ttning f\u00f6r bebisar"},"content":{"rendered":"<p><img decoding=\"async\" class=\"picture__img\" src=\"https:\/\/www.europesays.com\/se\/wp-content\/uploads\/2025\/12\/1765369034_777_b8aed891-b2e9-44fe-93cb-ef633b865e0e.jpeg\" loading=\"lazy\"   alt=\"Trump i Pennsylvania.\"\/>Trump i Pennsylvania. Foto: Andrew Caballero-Reynolds\/AFP<\/p>\n<p>USA:s president Donald Trump g\u00e5r \u00e4n en g\u00e5ng till h\u00e5rd attack mot invandrare fr\u00e5n \u201dshithole countries\u201d. I st\u00e4llet f\u00f6r somalier f\u00f6redrar han skandinaver.<\/p>\n<p>Utspelet kom under ett kampanjm\u00f6te i delstaten Pennsylvania p\u00e5 tisdagen. Trump skr\u00f6t om sitt nyligen inf\u00f6rda asylstopp fr\u00e5n \u201dhelvetesh\u00e5lor\u201d som Afghanistan, Haiti och Somalia n\u00e4r en \u00e5h\u00f6rare ropade \u201dshithole countries\u201d, en anspelning p\u00e5 ett vida kritiserat uttalande 2018.<\/p>\n<p>Det fick Trump att minnas tillbaka p\u00e5 incidenten.<\/p>\n<p>Vi hade ett m\u00f6te och jag sade: \u201dVarf\u00f6r tar vi bara in folk fr\u00e5n \u2019skith\u00e5lsl\u00e4nder\u2019 (shithole countries)? Eller hur? Varf\u00f6r kan vi inte f\u00e5 lite folk fr\u00e5n Norge, Sverige? Bara ett par\u201d.<\/p>\n<p>\u201dSkith\u00e5lsl\u00e4nder\u201d-kommentaren 2018 v\u00e4ckte ramaskri v\u00e4rlden \u00f6ver och Trump sj\u00e4lv p\u00e5stod att han blivit felciterad. Nu erk\u00e4nner han allts\u00e5 att det faktiskt var det han sade \u2013 och g\u00e5r \u00e4nnu l\u00e4ngre i sina rasistiska tong\u00e5ngar:<\/p>\n<p>\u2013 Vi tar alltid folk fr\u00e5n Somalia. Platser som \u00e4r katastrofer. Lortiga, smutsiga, \u00e4ckliga, genomsyrade av brottslighet.<\/p>\n","protected":false},"excerpt":{"rendered":"Trump i Pennsylvania. Foto: Andrew Caballero-Reynolds\/AFP USA:s president Donald Trump g\u00e5r \u00e4n en g\u00e5ng till h\u00e5rd attack mot&hellip;\n","protected":false},"author":2,"featured_media":14013,"comment_status":"","ping_status":"","sticky":false,"template":"","format":"standard","meta":{"footnotes":""},"categories":[5],"tags":[22,23,26,27,17,21,24,25,28,29,15,16,18,34,31,33,32,30,19,20],"class_list":{"0":"post-101937","1":"post","2":"type-post","3":"status-publish","4":"format-standard","5":"has-post-thumbnail","7":"category-rubriker","8":"tag-breaking-news","9":"tag-breakingnews","10":"tag-featured-news","11":"tag-featurednews","12":"tag-headlines","13":"tag-huvudnyheter","14":"tag-latest-news","15":"tag-latestnews","16":"tag-main-news","17":"tag-mainnews","18":"tag-news","19":"tag-nyheter","20":"tag-rubriker","21":"tag-se","22":"tag-svenska","23":"tag-sverige","24":"tag-sweden","25":"tag-swedish","26":"tag-top-stories","27":"tag-topstories"},"share_on_mastodon":{"url":"https:\/\/pubeurope.com\/@se\/115695232366124981","error":""},"_links":{"self":[{"href":"https:\/\/www.europesays.com\/se\/wp-json\/wp\/v2\/posts\/101937","targetHints":{"allow":["GET"]}}],"collection":[{"href":"https:\/\/www.europesays.com\/se\/wp-json\/wp\/v2\/posts"}],"about":[{"href":"https:\/\/www.europesays.com\/se\/wp-json\/wp\/v2\/types\/post"}],"author":[{"embeddable":true,"href":"https:\/\/www.europesays.com\/se\/wp-json\/wp\/v2\/users\/2"}],"replies":[{"embeddable":true,"href":"https:\/\/www.europesays.com\/se\/wp-json\/wp\/v2\/comments?post=101937"}],"version-history":[{"count":0,"href":"https:\/\/www.europesays.com\/se\/wp-json\/wp\/v2\/posts\/101937\/revisions"}],"wp:featuredmedia":[{"embeddable":true,"href":"https:\/\/www.europesays.com\/se\/wp-json\/wp\/v2\/media\/14013"}],"wp:attachment":[{"href":"https:\/\/www.europesays.com\/se\/wp-json\/wp\/v2\/media?parent=101937"}],"wp:term":[{"taxonomy":"category","embeddable":true,"href":"https:\/\/www.europesays.com\/se\/wp-json\/wp\/v2\/categories?post=101937"},{"taxonomy":"post_tag","embeddable":true,"href":"https:\/\/www.europesays.com\/se\/wp-json\/wp\/v2\/tags?post=101937"}],"curies":[{"name":"wp","href":"https:\/\/api.w.org\/{rel}","templated":true}]}}