{"id":101938,"date":"2025-12-10T12:20:37","date_gmt":"2025-12-10T12:20:37","guid":{"rendered":"https:\/\/www.europesays.com\/se\/101938\/"},"modified":"2025-12-10T12:20:37","modified_gmt":"2025-12-10T12:20:37","slug":"fack-i-usa-varnar-for-netflix-warner-affar-risk-for-monopol-och-nya-massuppsagningar","status":"publish","type":"post","link":"https:\/\/www.europesays.com\/se\/101938\/","title":{"rendered":"Fack i USA varnar f\u00f6r Netflix\u2013Warner-aff\u00e4r \u2013 risk f\u00f6r monopol och nya massupps\u00e4gningar"},"content":{"rendered":"<p data-start=\"92\" data-end=\"107\"><strong>UTRIKES FACKLIGT <a href=\"https:\/\/www.independent.co.uk\/arts-entertainment\/netflix-warner-bros-merger-unions-block-b2879164.html\" rel=\"nofollow noopener\" target=\"_blank\">Fackliga organisationer kr\u00e4ver att amerikanska konkurrensmyndigheter<\/a> stoppar Netflix planerade k\u00f6p av Warner Bros. Discovery. Enligt den aff\u00e4r som offentliggjordes den 5 december 2025 ska Netflix ta \u00f6ver Warner Bros. studios samt HBO och HBO Max i en transaktion som v\u00e4rderar dessa tillg\u00e5ngar till cirka 72 miljarder dollar i eget kapital och 82,7 miljarder dollar inklusive skulder.<\/strong><\/p>\n<p data-start=\"497\" data-end=\"789\">Netflix r\u00e4knar med att sammanslagningen ska ge \u00e5rliga kostnadsbesparingar p\u00e5 2\u20133 miljarder dollar inom n\u00e5gra \u00e5r, men facken varnar f\u00f6r att just dessa \u201dsynergier\u201d i praktiken brukar betyda upps\u00e4gningar, h\u00e5rdare arbetsvillkor och ytterligare koncentration av makt \u00f6ver inneh\u00e5llsproduktionen.<\/p>\n<p data-start=\"791\" data-end=\"1048\">S\u00e4rskilt manusf\u00f6rfattarnas organisationer har beskrivit aff\u00e4ren som ett hot mot hela branschen. De menar att en s\u00e5dan koncentration ofr\u00e5nkomligen f\u00f6rsvagar arbetarnas f\u00f6rhandlingsl\u00e4ge och \u00f6kar pressen p\u00e5 l\u00f6ner, anst\u00e4llningstrygghet och kreativt oberoende.<\/p>\n<p data-start=\"1050\" data-end=\"1335\">\u00c4ven biograf\u00e4gare har uttryckt oro f\u00f6r att en st\u00e4rkt Netflix-koncern ska styra premi\u00e4rer bort fr\u00e5n biograferna och d\u00e4rmed sl\u00e5 mot int\u00e4kter och jobb i distributionsledet. Samtidigt lovar Netflix att beh\u00e5lla Warner Bros. biografreleaser och att \u00f6ka investeringarna i produktion i USA.<\/p>\n<p data-start=\"1337\" data-end=\"1631\">L\u00e4get har dessutom snabbt blivit mer konfliktfyllt. Den 8 december 2025 Paramount Skydance lagt ett fientligt bud p\u00e5 hela Warner Bros. Discovery p\u00e5 omkring 108,4 miljarder dollar \u2013 ett drag som kan utl\u00f6sa en st\u00f6rre budstrid och \u00e4ndra f\u00f6ruts\u00e4ttningarna f\u00f6r Netflix-avtalet.<\/p>\n<p>Monopolkapitalismens k\u00e4rnlogik<\/p>\n<p data-start=\"0\" data-end=\"1050\" data-is-last-node=\"\" data-is-only-node=\"\">H\u00e4r ser vi monopolkapitalismens k\u00e4rnlogik i realtid: konkurrens koncentrerar, koncentration skapar monopol \u2013 och monopol kr\u00e4ver statligt beskydd, imperialistiska marknadsutvidgningar och i sista instans krig. <a href=\"https:\/\/riktpunkt.nu\/2025\/07\/paramount-och-skydance-gar-samman\/\" rel=\"nofollow noopener\" target=\"_blank\">Paramount\u2013Skydance-aff\u00e4ren<\/a> ig\u00e5r, Netflix\u2013Warner idag: USA:s kulturindustri \u2013 Hollywood, kapitalets fr\u00e4msta propagandaverktyg \u2013 centraliseras i j\u00e4ttetruster som str\u00f6mlinjeformar inneh\u00e5ll, bryter facklig kraft, <a href=\"https:\/\/riktpunkt.nu\/2025\/10\/paramount-global-skar-ned-efter-sammanslagningen-med-skydance-2-000-arbetare-forlorar-sina-jobb\/\" rel=\"nofollow noopener\" target=\"_blank\">varslar jobb<\/a> och pressar l\u00f6ner.<\/p>\n<p data-start=\"0\" data-end=\"1050\" data-is-last-node=\"\" data-is-only-node=\"\">Men film g\u00f6rs inte av balansr\u00e4kningar, utan av arbetare: manusf\u00f6rfattare, tekniker, scenarbetare, sk\u00e5despelare. Varje \u201dsynergi\u201d de lovar betyder massupps\u00e4gningar, gigifiering och mer kontroll \u00f6ver vad arbetarklassen f\u00e5r se och t\u00e4nka. Fr\u00e5gan \u00e4r d\u00e4rf\u00f6r inte vilket bolag som vinner budstriden, utan om vi l\u00e5ter \u00e4nnu en monopolrunda flytta v\u00e4rdet fr\u00e5n arbete till kapital och f\u00f6rvandla kultur till krigsf\u00f6rberedande varumaskineri. Enda motvikten \u00e4r organiserad kamp i hela kedjan \u2013 fr\u00e5n inspelningsplats till biograf \u2013 med klasslinje: f\u00f6rsvara jobb, kollektivavtal och kreativt sj\u00e4lvbest\u00e4mmande mot kapitalets diktat.<\/p>\n<p>\u00a0<\/p>\n<p>\u00a0<\/p>\n<p><a href=\"#\" rel=\"nofollow\" onclick=\"window.print(); return false;\" title=\"Printer Friendly, PDF &amp; Email\"><br \/>\n<img loading=\"lazy\" data-lazyloaded=\"1\" data-placeholder-resp=\"20x20\" width=\"20\" height=\"20\" decoding=\"async\" src=\"https:\/\/www.europesays.com\/se\/wp-content\/uploads\/2025\/09\/printfriendly-icon-md.png\" alt=\"Print Friendly, PDF &amp; Email\" class=\"pf-button-img\" style=\"width: 16px;height: 16px;\"\/>Skriv ut<br \/>\n<\/a><\/p>\n","protected":false},"excerpt":{"rendered":"UTRIKES FACKLIGT Fackliga organisationer kr\u00e4ver att amerikanska konkurrensmyndigheter stoppar Netflix planerade k\u00f6p av Warner Bros. Discovery. Enligt den&hellip;\n","protected":false},"author":2,"featured_media":101939,"comment_status":"","ping_status":"","sticky":false,"template":"","format":"standard","meta":{"footnotes":""},"categories":[67],"tags":[104,6716,2573,6164,1389,34,1391,31,33,32,30,105,74,237],"class_list":{"0":"post-101938","1":"post","2":"type-post","3":"status-publish","4":"format-standard","5":"has-post-thumbnail","7":"category-underhallning","8":"tag-entertainment","9":"tag-fackligt","10":"tag-hollywood","11":"tag-kommunister","12":"tag-kommunisterna","13":"tag-se","14":"tag-skp","15":"tag-svenska","16":"tag-sverige","17":"tag-sweden","18":"tag-swedish","19":"tag-underhallning","20":"tag-usa","21":"tag-utrikes"},"share_on_mastodon":{"url":"https:\/\/pubeurope.com\/@se\/115695244128503499","error":""},"_links":{"self":[{"href":"https:\/\/www.europesays.com\/se\/wp-json\/wp\/v2\/posts\/101938","targetHints":{"allow":["GET"]}}],"collection":[{"href":"https:\/\/www.europesays.com\/se\/wp-json\/wp\/v2\/posts"}],"about":[{"href":"https:\/\/www.europesays.com\/se\/wp-json\/wp\/v2\/types\/post"}],"author":[{"embeddable":true,"href":"https:\/\/www.europesays.com\/se\/wp-json\/wp\/v2\/users\/2"}],"replies":[{"embeddable":true,"href":"https:\/\/www.europesays.com\/se\/wp-json\/wp\/v2\/comments?post=101938"}],"version-history":[{"count":0,"href":"https:\/\/www.europesays.com\/se\/wp-json\/wp\/v2\/posts\/101938\/revisions"}],"wp:featuredmedia":[{"embeddable":true,"href":"https:\/\/www.europesays.com\/se\/wp-json\/wp\/v2\/media\/101939"}],"wp:attachment":[{"href":"https:\/\/www.europesays.com\/se\/wp-json\/wp\/v2\/media?parent=101938"}],"wp:term":[{"taxonomy":"category","embeddable":true,"href":"https:\/\/www.europesays.com\/se\/wp-json\/wp\/v2\/categories?post=101938"},{"taxonomy":"post_tag","embeddable":true,"href":"https:\/\/www.europesays.com\/se\/wp-json\/wp\/v2\/tags?post=101938"}],"curies":[{"name":"wp","href":"https:\/\/api.w.org\/{rel}","templated":true}]}}