{"id":101942,"date":"2025-12-10T12:23:08","date_gmt":"2025-12-10T12:23:08","guid":{"rendered":"https:\/\/www.europesays.com\/se\/101942\/"},"modified":"2025-12-10T12:23:08","modified_gmt":"2025-12-10T12:23:08","slug":"ukraina-i-eu-2027-ar-europa-redo-godkanna-det","status":"publish","type":"post","link":"https:\/\/www.europesays.com\/se\/101942\/","title":{"rendered":"Ukraina i EU 2027 \u2013 \u00e4r Europa redo godk\u00e4nna det?"},"content":{"rendered":"<p>Donald Trump pressar h\u00e5rt nu f\u00f6r ett snart slut p\u00e5 kriget i Ukraina.<\/p>\n<p>D\u00e4r uppges finnas rej\u00e4la mor\u00f6tter ocks\u00e5 f\u00f6r Kiev.<\/p>\n<p>Som EU-medlemskap redan 2027.<\/p>\n<p>Detta \u00e4r en kommenterande text. Analys och st\u00e4llningstaganden \u00e4r skribentens.<\/p>\n<p><img   alt=\"\"\/><\/p>\n<p>Ukrainas president Volodymyr Zelenskyj.<\/p>\n<p>Foto: Shutterstock \/ TT NYHETSBYR\u00c5N<\/p>\n<p>\u00d6ppna bild i helsk\u00e4rm<img   alt=\"\"\/>Mats Larsson<\/p>\n<p>Ukrainas president Volodymyr Zelenskyj har varit p\u00e5 Europa-turn\u00e9 denna vecka f\u00f6r att diskutera de senaste USA-ledda f\u00f6rslagen till en fredsuppg\u00f6relse med sina europeiska kolleger.<\/p>\n<p>Donald Trump visar \u00e5ter allt st\u00f6rre ot\u00e5lighet. Enligt Zelenskyj sj\u00e4lv har de amerikanska s\u00e4ndebuden gett honom fram till jul att acceptera den amerikanska planen.<\/p>\n<p>Oron i Europa har inte precis blivit mindre av USA:s nya nationella s\u00e4kerhetsstrategi d\u00e4r det inte fanns s\u00e4rskilt m\u00e5nga v\u00e4nliga ord om Europa.<\/p>\n<p>Trump betonar \u00e5ter att Ukraina inte har n\u00e5gon chans att vinna kriget och antagligen kommer att f\u00f6rlora hela Donbas-regionen inom ett halv\u00e5r.<\/p>\n<p>Det \u00e4r l\u00e5ngt ifr\u00e5n s\u00e4kert. Om de ryska avancemangen forts\u00e4tter som hittills s\u00e5 kommer det att ta m\u00e5nga \u00e5r innan hela Donetsk-regionen fallit, enligt tankesmedjan Institute for the study of war.<\/p>\n<p><strong>Men Trumps ord tyder p\u00e5 att amerikanerna fortfarande lutar \u00e5t att Ukraina borde l\u00e4mna ifr\u00e5n sig mark i Donetsk-regionen som Vladimir Putins ryska soldater \u00e4nnu inte lyckats er\u00f6vra.<\/strong><\/p>\n<p>Det \u00e4r n\u00e5got Zelenskyj g\u00e5ng p\u00e5 g\u00e5ng gjort klart \u00e4r ot\u00e4nkbart. De stora st\u00e4der som \u00e5terst\u00e5r att er\u00f6vra \u00e4r v\u00e4l bef\u00e4sta.<\/p>\n<p>Men Zelenskyj vet ocks\u00e5 att f\u00f6rsvaret blir mycket sv\u00e5rare om USA \u00e5ter skulle avbryta all hj\u00e4lp till Ukraina, inte minst det viktiga utbytet av underr\u00e4ttelseinformation.<\/p>\n<p><strong>S\u00e5 vad \u00e4r det d\u00e5 f\u00f6r l\u00f6sning som USA och Trump ser framf\u00f6r sig?\u00a0<\/strong><\/p>\n<p>Washington Posts David Ignatius har bra k\u00e4llor b\u00e5de i Washington och i Kiev. S\u00e5 sannolikheten \u00e4r r\u00e4tt h\u00f6g att han har hyfsat r\u00e4tt i sin beskrivning av vad som ligger p\u00e5 bordet, vad som st\u00e5r p\u00e5 spel.<\/p>\n<p>F\u00f6rhandlarna diskuterar enligt Ignatius tre dokument: fredsplanen, s\u00e4kerhetsgarantier f\u00f6r Ukraina och den ekonomiska uppbyggnaden efter kriget.<\/p>\n<p>En demilitariserad zon ska uppr\u00e4ttas l\u00e4ngs hela stillest\u00e5ndslinjen, ungef\u00e4r som efter Korea-kriget. I ett bredare omr\u00e5de p\u00e5 var sin sida om linjen ska ocks\u00e5 alla tunga vapen vara f\u00f6rbjudna.<\/p>\n<blockquote><p>H\u00e4r verkar det amerikanska f\u00f6rslaget syna EU-korten. Hur allvarliga \u00e4r Bryssel och Europa med ett framtida medlemskap?<\/p><\/blockquote>\n<p>Putin vill som sagt ha hela Donetsk-regionen och USA uppges inte ha gett upp tanken att en demilitariserad zon ska uppr\u00e4ttas i det omr\u00e5de som Ukraina eventuellt ger upp till <a href=\"https:\/\/www.expressen.se\/tagg\/location\/ryssland\/\" class=\"\" rel=\"nofollow noopener\" target=\"_blank\">Ryssland<\/a>.<\/p>\n<p>Detta \u00e4r och f\u00f6rblir en av de tuffaste bitarna. Zelenskyj sa s\u00e5 sent som i m\u00e5ndags att han inte har n\u00e5gon \u201dlegal makt\u201d att l\u00e4mna ifr\u00e5n sig territorium till Ryssland.<\/p>\n<p>S\u00e5 vad lockas d\u00e5 Ukraina med i geng\u00e4ld? Enligt Ignatius uppges USA erbjuda Ukraina artikel-5 liknande garantier ifall Ryssland skulle bryta mot avtalet.<\/p>\n<p>Annons<\/p>\n<p>USA skulle allts\u00e5 komma till Ukrainas unds\u00e4ttning, \u00e4ven om landet inte \u00e4r med i Nato. Europeiska nationer skulle sedan signera liknande garantier.<\/p>\n<p>P\u00e5 m\u00e5nga s\u00e4tt handlar kriget om Ukraina ska vara en del av Europa eller hamna i den ryska inflytelsesf\u00e4ren. Ett viktigt m\u00e5l f\u00f6r Kiev \u00e4r EU-medlemskap.<\/p>\n<p>Och h\u00e4r verkar det amerikanska f\u00f6rslaget syna EU-korten. Hur allvarliga \u00e4r Bryssel och Europa med ett framtida medlemskap?<\/p>\n<p><strong>Ukraina bj\u00f6ds formellt in 2022 \u2013 en reaktion p\u00e5 den ryska invasionen \u2013 och f\u00f6rhandlingarna har b\u00f6rjat. Men tidschemat har varit ett medlemskap f\u00f6rst kring \u00e5r 2030.<\/strong><\/p>\n<p><strong>Detta vill tydligen USA och Trump p\u00e5skynda. Enligt Ignatius talas det om medlemskap redan 2027.<\/strong><\/p>\n<p>Den som stretat emot mest \u00e4r Ungerns Viktor Orb\u00e1n, men Trump-administrationen tror att Orb\u00e1n g\u00e5r att \u00f6vertala.<\/p>\n<p>Men det finns garanterat \u00e4ven andra inom EU som kommer att blekna \u00f6ver denna snabba tidtabell. Ukraina har exempelvis \u00e4nnu stora problem med korruption.<\/p>\n<p>Och hur ska EU:s jordbruksst\u00f6d fungera n\u00e4r detta j\u00e4tteland blir medlem?<\/p>\n<p>\u2013 Jag \u00e4r inte s\u00e5 s\u00e4ker p\u00e5 att m\u00e5nga l\u00e4nder i EU egentligen vill att Ukraina ska bli full medlem, sa en EU-k\u00e4lla till Guardian i november.<\/p>\n<p>Ett nytt medlemskap m\u00e5ste ocks\u00e5 godk\u00e4nnas av samtliga EU-l\u00e4nder, i en del kr\u00e4vs folkomr\u00f6stning. Ironiskt nog \u00e4r det ofta h\u00f6gernationalistiska partier \u2013 partier som i regel gillar Donald Trump \u2013 som ofta \u00e4r de mest EU-kritiska.<\/p>\n<p>Men ett snart EU-medlemskap vore tvekl\u00f6st en seger f\u00f6r Kiev och Volodymyr Zelenskyj. Det \u00e4r bland detta de k\u00e4mpat f\u00f6r sedan protesterna 2014 och krigat f\u00f6r sedan Rysslands fullskaliga invasion 2022.<\/p>\n","protected":false},"excerpt":{"rendered":"Donald Trump pressar h\u00e5rt nu f\u00f6r ett snart slut p\u00e5 kriget i Ukraina. D\u00e4r uppges finnas rej\u00e4la mor\u00f6tter&hellip;\n","protected":false},"author":2,"featured_media":101943,"comment_status":"","ping_status":"","sticky":false,"template":"","format":"standard","meta":{"footnotes":""},"categories":[14],"tags":[22,23,26,27,17,21,24,25,274,202,45,28,29,15,276,16,746,198,906,18,34,1492,31,33,32,30,19,204,60,20,51,52,53,54],"class_list":{"0":"post-101942","1":"post","2":"type-post","3":"status-publish","4":"format-standard","5":"has-post-thumbnail","7":"category-varlden","8":"tag-breaking-news","9":"tag-breakingnews","10":"tag-featured-news","11":"tag-featurednews","12":"tag-headlines","13":"tag-huvudnyheter","14":"tag-latest-news","15":"tag-latestnews","16":"tag-location-ryssland","17":"tag-location-ukraina","18":"tag-location-usa","19":"tag-main-news","20":"tag-mainnews","21":"tag-news","22":"tag-newsstory-kriget-i-ukraina","23":"tag-nyheter","24":"tag-organization-eu","25":"tag-person-donald-trump","26":"tag-person-volodymyr-zelenskyj","27":"tag-rubriker","28":"tag-se","29":"tag-sections-matslarsson","30":"tag-svenska","31":"tag-sverige","32":"tag-sweden","33":"tag-swedish","34":"tag-top-stories","35":"tag-topic-amerikansk-politik","36":"tag-topic-krig-konflikt","37":"tag-topstories","38":"tag-varlden","39":"tag-world","40":"tag-world-news","41":"tag-worldnews"},"share_on_mastodon":{"url":"","error":"Validation failed: Text character limit of 500 exceeded"},"_links":{"self":[{"href":"https:\/\/www.europesays.com\/se\/wp-json\/wp\/v2\/posts\/101942","targetHints":{"allow":["GET"]}}],"collection":[{"href":"https:\/\/www.europesays.com\/se\/wp-json\/wp\/v2\/posts"}],"about":[{"href":"https:\/\/www.europesays.com\/se\/wp-json\/wp\/v2\/types\/post"}],"author":[{"embeddable":true,"href":"https:\/\/www.europesays.com\/se\/wp-json\/wp\/v2\/users\/2"}],"replies":[{"embeddable":true,"href":"https:\/\/www.europesays.com\/se\/wp-json\/wp\/v2\/comments?post=101942"}],"version-history":[{"count":0,"href":"https:\/\/www.europesays.com\/se\/wp-json\/wp\/v2\/posts\/101942\/revisions"}],"wp:featuredmedia":[{"embeddable":true,"href":"https:\/\/www.europesays.com\/se\/wp-json\/wp\/v2\/media\/101943"}],"wp:attachment":[{"href":"https:\/\/www.europesays.com\/se\/wp-json\/wp\/v2\/media?parent=101942"}],"wp:term":[{"taxonomy":"category","embeddable":true,"href":"https:\/\/www.europesays.com\/se\/wp-json\/wp\/v2\/categories?post=101942"},{"taxonomy":"post_tag","embeddable":true,"href":"https:\/\/www.europesays.com\/se\/wp-json\/wp\/v2\/tags?post=101942"}],"curies":[{"name":"wp","href":"https:\/\/api.w.org\/{rel}","templated":true}]}}