{"id":101946,"date":"2025-12-10T12:25:08","date_gmt":"2025-12-10T12:25:08","guid":{"rendered":"https:\/\/www.europesays.com\/se\/101946\/"},"modified":"2025-12-10T12:25:08","modified_gmt":"2025-12-10T12:25:08","slug":"dansk-spermadonator-bar-pa-arftlig-cancergen-svd","status":"publish","type":"post","link":"https:\/\/www.europesays.com\/se\/101946\/","title":{"rendered":"Dansk spermadonator bar p\u00e5 \u00e4rftlig cancergen &#8211; SvD"},"content":{"rendered":"<ol>\n<li><a href=\"https:\/\/news.google.com\/rss\/articles\/CBMifEFVX3lxTE9JNUdoTGJhZW9HUUtkLUZRNTA2OTZWUS1EdXVhdFIxOUhrWEp6NlQ5Zmk5YUZsRkhKRG1FVlJreEJkTGpMZURJeXhCRDcydDk5eVZ5X0RtbjE5cTlNMW9FQ2FrYlE0N0ZDczV3Mk8wal9NNHFfSXlEQTFFV00?oc=5\" target=\"_blank\" rel=\"nofollow noopener\">Dansk spermadonator bar p\u00e5 \u00e4rftlig cancergen<\/a>&nbsp;&nbsp;SvD<\/li>\n<li><a href=\"https:\/\/news.google.com\/rss\/articles\/CBMihgFBVV95cUxOdVFvZHlDRExqNVN0dnZJTXQ4S2ZEc3N4MFR3UFVsTlA1dnI2NGhjb09Fbm1CMDY1WDB5QWVEaGpUUlVNc2FNbXpRMTh3RmI2enRhZ2RsS0ZMalJndWVFSlhYUnRGQ0hwM1YyN0k3c3B1LTM0WWFEb21qYm9OR1hDZUduS0lZdw?oc=5\" target=\"_blank\" rel=\"nofollow noopener\">Fallet \u201dKjeld\u201d v\u00e4cker krav p\u00e5 sk\u00e4rpt reglering<\/a>&nbsp;&nbsp;SVT Nyheter<\/li>\n<li><a href=\"https:\/\/news.google.com\/rss\/articles\/CBMijwFBVV95cUxNVzBKVWJzQWcyLUJTOHB0QkR6Si1JaUJVQjl5VVB2MHY0N1A3dHBQVzRwbkFOekpLREtKc1JHN080cnI2VnpoWko3T3dYSlZSN0JBME1iSEtJU1VTYVJBQk1ndWE1RE5pS0FYakxpWGVYWHl1OXdxZWdBbXU5aXNJdFdjNTZ6UUR3YUtxTnF6QQ?oc=5\" target=\"_blank\" rel=\"nofollow noopener\">Dansk spermadonator b\u00e4r p\u00e5 cancergen \u2013 har 197 barn<\/a>&nbsp;&nbsp;Sveriges Radio<\/li>\n<li><a href=\"https:\/\/news.google.com\/rss\/articles\/CBMibEFVX3lxTE1VV1lyT296UUMtWnFRWW96ZEs0NjU4MFBfdUUwZWh4cXB1cks2NVg5U2xVMU92RktsYXBjbFRRa2tGN1ZZMjJVTUVTNW5XMjVHQnNPUi13N0xlaHladnB3akJsSDlDLWZHcFJzdQ?oc=5\" target=\"_blank\" rel=\"nofollow noopener\">Viktigaste nyheterna p\u00e5 tre minuter<\/a>&nbsp;&nbsp;Omni<\/li>\n<li><a href=\"https:\/\/news.google.com\/rss\/articles\/CBMikwFBVV95cUxPWnJaTXphLWpKUE96MjhEWWluSDhQR1pOYV9XS1NfZWNDaWVNVnliN0x5TXJGRVpMQjdvOVdyNkhMTkFxR3FPWklGR2U2MWxxRWd0YjExcWVOMVkycUJ0ZFpqNVdQS1BkbC1ZZ1ZJVERac1FyVURJS0Y3RHpaY3RGQnlyU2M2WXo2TEpuR3pCQmhWQ0k?oc=5\" target=\"_blank\" rel=\"nofollow noopener\">\u201dKjeld\u201d b\u00e4r p\u00e5 cancergen i sina spermier \u2013 \u00e4r donator till 197 barn<\/a>&nbsp;&nbsp;SVT Nyheter<\/li>\n<\/ol>\n","protected":false},"excerpt":{"rendered":"Dansk spermadonator bar p\u00e5 \u00e4rftlig cancergen&nbsp;&nbsp;SvD Fallet \u201dKjeld\u201d v\u00e4cker krav p\u00e5 sk\u00e4rpt reglering&nbsp;&nbsp;SVT Nyheter Dansk spermadonator b\u00e4r p\u00e5&hellip;\n","protected":false},"author":2,"featured_media":101947,"comment_status":"","ping_status":"","sticky":false,"template":"","format":"standard","meta":{"footnotes":""},"categories":[5],"tags":[22,23,26,27,17,21,24,25,28,29,15,16,18,34,31,33,32,30,19,20],"class_list":{"0":"post-101946","1":"post","2":"type-post","3":"status-publish","4":"format-standard","5":"has-post-thumbnail","7":"category-rubriker","8":"tag-breaking-news","9":"tag-breakingnews","10":"tag-featured-news","11":"tag-featurednews","12":"tag-headlines","13":"tag-huvudnyheter","14":"tag-latest-news","15":"tag-latestnews","16":"tag-main-news","17":"tag-mainnews","18":"tag-news","19":"tag-nyheter","20":"tag-rubriker","21":"tag-se","22":"tag-svenska","23":"tag-sverige","24":"tag-sweden","25":"tag-swedish","26":"tag-top-stories","27":"tag-topstories"},"share_on_mastodon":{"url":"https:\/\/pubeurope.com\/@se\/115695263649859074","error":""},"_links":{"self":[{"href":"https:\/\/www.europesays.com\/se\/wp-json\/wp\/v2\/posts\/101946","targetHints":{"allow":["GET"]}}],"collection":[{"href":"https:\/\/www.europesays.com\/se\/wp-json\/wp\/v2\/posts"}],"about":[{"href":"https:\/\/www.europesays.com\/se\/wp-json\/wp\/v2\/types\/post"}],"author":[{"embeddable":true,"href":"https:\/\/www.europesays.com\/se\/wp-json\/wp\/v2\/users\/2"}],"replies":[{"embeddable":true,"href":"https:\/\/www.europesays.com\/se\/wp-json\/wp\/v2\/comments?post=101946"}],"version-history":[{"count":0,"href":"https:\/\/www.europesays.com\/se\/wp-json\/wp\/v2\/posts\/101946\/revisions"}],"wp:featuredmedia":[{"embeddable":true,"href":"https:\/\/www.europesays.com\/se\/wp-json\/wp\/v2\/media\/101947"}],"wp:attachment":[{"href":"https:\/\/www.europesays.com\/se\/wp-json\/wp\/v2\/media?parent=101946"}],"wp:term":[{"taxonomy":"category","embeddable":true,"href":"https:\/\/www.europesays.com\/se\/wp-json\/wp\/v2\/categories?post=101946"},{"taxonomy":"post_tag","embeddable":true,"href":"https:\/\/www.europesays.com\/se\/wp-json\/wp\/v2\/tags?post=101946"}],"curies":[{"name":"wp","href":"https:\/\/api.w.org\/{rel}","templated":true}]}}