{"id":101957,"date":"2025-12-10T12:35:24","date_gmt":"2025-12-10T12:35:24","guid":{"rendered":"https:\/\/www.europesays.com\/se\/101957\/"},"modified":"2025-12-10T12:35:24","modified_gmt":"2025-12-10T12:35:24","slug":"iran-vill-stoppa-pridematch-pa-fotbolls-vm-fotboll","status":"publish","type":"post","link":"https:\/\/www.europesays.com\/se\/101957\/","title":{"rendered":"Iran vill stoppa pridematch p\u00e5 fotbolls-VM | Fotboll"},"content":{"rendered":"<p>Publicerad 9 dec 2025 kl 14.21Uppdaterad kl 19.48<\/p>\n<p>N\u00e4sta sommar st\u00e4lls Iran och Egypten mot varandra i fotbolls-VM i USA \u2013 och arrang\u00f6rerna i Seattle ser det som en pridematch.<\/p>\n<p>Det \u00e4r inte Irans fotbollsf\u00f6rbund n\u00f6jda med och vill stoppa arrangemanget, rapporterar den statliga nyhetsbyr\u00e5n ISNA.<\/p>\n<p><img   alt=\"\"\/> <\/p>\n<p>Foto: SERRANO\/NURPHOTO\/SHUTTERSTOCK \/ SHUTTERSTOCK EDITORIAL\/IBL<\/p>\n<p>\u00d6ppna bild i helsk\u00e4rm<img loading=\"lazy\"   alt=\"\"\/><\/p>\n<p>Donald Trump och Giovanni Infantino.<\/p>\n<p>Foto: WILL OLIVER \/ EPA<\/p>\n<p>\u00d6ppna bild i helsk\u00e4rm<\/p>\n<p>Mehdi Taj, ordf\u00f6rande i det iranska fotbollsf\u00f6rbundet, s\u00e4ger enligt ISNA att b\u00e5de Iran och Egypten har framf\u00f6rt \u201dinv\u00e4ndningar mot detta\u201d och kallade det ett \u201dirrationellt drag som st\u00f6djer en viss grupp\u201d, utan att specifikt n\u00e4mna marknadsf\u00f6ringen av pridematchen.\u00a0<\/p>\n<p>P\u00e5 m\u00e5ndagen rapporterade statlig iransk tv att f\u00f6rbundet kommer att \u201d\u00f6verklaga\u201d till Internationella fotbollsf\u00f6rbundet (Fifa) i fr\u00e5gan.<\/p>\n<p>I Iran \u00e4r homosexualitet \u00e4r olagligt och kan bestraffas med d\u00f6den.<\/p>\n<p>Matchen spelas den 26 juni och sammanfaller med Seattle Pride. Den lokala organisationskommitt\u00e9n i Seattle meddelar p\u00e5 sin webbplats att Fifa inte har n\u00e5got med pridematchen att g\u00f6ra.\u00a0<\/p>\n<p>N\u00e4r VM spelades i Qatar 2022, d\u00e4r homosexualitet ocks\u00e5 \u00e4r f\u00f6rbjudet, ville bland annat Danmark, Tyskland och England spela med \u201dOne Love\u201d-armbindel \u2013 som en hyllning till hbtqi-r\u00f6relsen \u2013 men Fifa f\u00f6rbj\u00f6d det.<\/p>\n<p><strong>L\u00c4S MER: <\/strong><a href=\"https:\/\/www.expressen.se\/sport\/fotboll\/landslaget\/enkat-landslagsspelarna-om-infantino\/\" class=\"premium-link\" rel=\"nofollow noopener\" target=\"_blank\">Premium Enk\u00e4t: Landslagsspelarna om Infantino<\/a><\/p>\n","protected":false},"excerpt":{"rendered":"Publicerad 9 dec 2025 kl 14.21Uppdaterad kl 19.48 N\u00e4sta sommar st\u00e4lls Iran och Egypten mot varandra i fotbolls-VM&hellip;\n","protected":false},"author":2,"featured_media":101958,"comment_status":"","ping_status":"","sticky":false,"template":"","format":"standard","meta":{"footnotes":""},"categories":[68],"tags":[1370,34,129,111,110,31,33,32,30],"class_list":{"0":"post-101957","1":"post","2":"type-post","3":"status-publish","4":"format-standard","5":"has-post-thumbnail","7":"category-sport","8":"tag-organization-fotbolls-vm","9":"tag-se","10":"tag-sections-fotboll","11":"tag-sport","12":"tag-sports","13":"tag-svenska","14":"tag-sverige","15":"tag-sweden","16":"tag-swedish"},"share_on_mastodon":{"url":"https:\/\/pubeurope.com\/@se\/115695302979770004","error":""},"_links":{"self":[{"href":"https:\/\/www.europesays.com\/se\/wp-json\/wp\/v2\/posts\/101957","targetHints":{"allow":["GET"]}}],"collection":[{"href":"https:\/\/www.europesays.com\/se\/wp-json\/wp\/v2\/posts"}],"about":[{"href":"https:\/\/www.europesays.com\/se\/wp-json\/wp\/v2\/types\/post"}],"author":[{"embeddable":true,"href":"https:\/\/www.europesays.com\/se\/wp-json\/wp\/v2\/users\/2"}],"replies":[{"embeddable":true,"href":"https:\/\/www.europesays.com\/se\/wp-json\/wp\/v2\/comments?post=101957"}],"version-history":[{"count":0,"href":"https:\/\/www.europesays.com\/se\/wp-json\/wp\/v2\/posts\/101957\/revisions"}],"wp:featuredmedia":[{"embeddable":true,"href":"https:\/\/www.europesays.com\/se\/wp-json\/wp\/v2\/media\/101958"}],"wp:attachment":[{"href":"https:\/\/www.europesays.com\/se\/wp-json\/wp\/v2\/media?parent=101957"}],"wp:term":[{"taxonomy":"category","embeddable":true,"href":"https:\/\/www.europesays.com\/se\/wp-json\/wp\/v2\/categories?post=101957"},{"taxonomy":"post_tag","embeddable":true,"href":"https:\/\/www.europesays.com\/se\/wp-json\/wp\/v2\/tags?post=101957"}],"curies":[{"name":"wp","href":"https:\/\/api.w.org\/{rel}","templated":true}]}}