{"id":101961,"date":"2025-12-10T12:40:09","date_gmt":"2025-12-10T12:40:09","guid":{"rendered":"https:\/\/www.europesays.com\/se\/101961\/"},"modified":"2025-12-10T12:40:09","modified_gmt":"2025-12-10T12:40:09","slug":"bidragsbrott-dans-pa-fest-kan-ha-avslojat-fuskande-familj","status":"publish","type":"post","link":"https:\/\/www.europesays.com\/se\/101961\/","title":{"rendered":"Bidragsbrott: Dans p\u00e5 fest kan ha avsl\u00f6jat fuskande familj"},"content":{"rendered":"<p>Enligt Ekobrottsmyndigheten begicks de grova bidragsbrotten under perioden 2019-2021. Misstanken g\u00e4ller att en man, en hustru och deras son l\u00e4mnat in oriktiga uppgifter till Link\u00f6pings kommun g\u00e4llande mannens behov av personlig assistans. <\/p>\n<p>\u2013 Det h\u00e4r \u00e4r allvarliga brott, som har p\u00e5g\u00e5tt systematiskt under l\u00e5ng tid. Att utnyttja v\u00e4lf\u00e4rdssystemet p\u00e5 det h\u00e4r s\u00e4ttet skadar tilltron till v\u00e5ra gemensamma resurser. Nu ser jag fram emot att l\u00e5ta tingsr\u00e4tten pr\u00f6va \u00e5talet, s\u00e4ger Emma H\u00f6gstr\u00f6m, kammar\u00e5klagare vid Ekobrottsmyndigheten i ett uttalande. <\/p>\n<p>Som bevisning finns bland annat digitala sp\u00e5r som visar hur mannen deltagit i aktiviteter som inte st\u00e4mmer med hj\u00e4lpbehovet \u2013 till exempel dans p\u00e5 en fest. <\/p>\n","protected":false},"excerpt":{"rendered":"Enligt Ekobrottsmyndigheten begicks de grova bidragsbrotten under perioden 2019-2021. Misstanken g\u00e4ller att en man, en hustru och deras&hellip;\n","protected":false},"author":2,"featured_media":101962,"comment_status":"","ping_status":"","sticky":false,"template":"","format":"standard","meta":{"footnotes":""},"categories":[12],"tags":[22,23,26,27,17,21,24,25,28,29,15,16,18,34,31,33,32,30,19,20],"class_list":{"0":"post-101961","1":"post","2":"type-post","3":"status-publish","4":"format-standard","5":"has-post-thumbnail","7":"category-sverige","8":"tag-breaking-news","9":"tag-breakingnews","10":"tag-featured-news","11":"tag-featurednews","12":"tag-headlines","13":"tag-huvudnyheter","14":"tag-latest-news","15":"tag-latestnews","16":"tag-main-news","17":"tag-mainnews","18":"tag-news","19":"tag-nyheter","20":"tag-rubriker","21":"tag-se","22":"tag-svenska","23":"tag-sverige","24":"tag-sweden","25":"tag-swedish","26":"tag-top-stories","27":"tag-topstories"},"share_on_mastodon":{"url":"https:\/\/pubeurope.com\/@se\/115695322580729168","error":""},"_links":{"self":[{"href":"https:\/\/www.europesays.com\/se\/wp-json\/wp\/v2\/posts\/101961","targetHints":{"allow":["GET"]}}],"collection":[{"href":"https:\/\/www.europesays.com\/se\/wp-json\/wp\/v2\/posts"}],"about":[{"href":"https:\/\/www.europesays.com\/se\/wp-json\/wp\/v2\/types\/post"}],"author":[{"embeddable":true,"href":"https:\/\/www.europesays.com\/se\/wp-json\/wp\/v2\/users\/2"}],"replies":[{"embeddable":true,"href":"https:\/\/www.europesays.com\/se\/wp-json\/wp\/v2\/comments?post=101961"}],"version-history":[{"count":0,"href":"https:\/\/www.europesays.com\/se\/wp-json\/wp\/v2\/posts\/101961\/revisions"}],"wp:featuredmedia":[{"embeddable":true,"href":"https:\/\/www.europesays.com\/se\/wp-json\/wp\/v2\/media\/101962"}],"wp:attachment":[{"href":"https:\/\/www.europesays.com\/se\/wp-json\/wp\/v2\/media?parent=101961"}],"wp:term":[{"taxonomy":"category","embeddable":true,"href":"https:\/\/www.europesays.com\/se\/wp-json\/wp\/v2\/categories?post=101961"},{"taxonomy":"post_tag","embeddable":true,"href":"https:\/\/www.europesays.com\/se\/wp-json\/wp\/v2\/tags?post=101961"}],"curies":[{"name":"wp","href":"https:\/\/api.w.org\/{rel}","templated":true}]}}