{"id":101972,"date":"2025-12-10T12:49:22","date_gmt":"2025-12-10T12:49:22","guid":{"rendered":"https:\/\/www.europesays.com\/se\/101972\/"},"modified":"2025-12-10T12:49:22","modified_gmt":"2025-12-10T12:49:22","slug":"tva-personer-haktade-i-mordarende-i-lulea","status":"publish","type":"post","link":"https:\/\/www.europesays.com\/se\/101972\/","title":{"rendered":"Tv\u00e5 personer h\u00e4ktade i mord\u00e4rende i Lule\u00e5"},"content":{"rendered":"<p>Natten till m\u00e5ndag den 1 december stod en bil i l\u00e5gor i Sandn\u00e4set utanf\u00f6r Lule\u00e5. En anm\u00e4lan om skadeg\u00f6relse uppr\u00e4ttades och polisen fattade misstankar om att branden var anlagd.<\/p>\n<p>N\u00e4r polisen efter flera dagar inte f\u00e5tt kontakt med bilens \u00e4gare uppr\u00e4ttades en anm\u00e4lan om f\u00f6rsvunnen person. Polisens tekniker gjorde en n\u00e4rmare unders\u00f6kning av den utbrunna bilen och p\u00e5tr\u00e4ffade d\u00e5 m\u00e4nskliga benrester.<\/p>\n<p>\u2013 Utifr\u00e5n dessa omst\u00e4ndigheter misst\u00e4nker vi att det \u00e4r bilens \u00e4gare, en man i 70-\u00e5rs\u00e5ldern, som \u00e4r avliden. Det kommer kr\u00e4vas ytterligare tekniska unders\u00f6kningar innan vi kan bekr\u00e4fta det, s\u00e4ger senior \u00e5klagare Joseph Ricken som leder f\u00f6runders\u00f6kningen.<\/p>\n<p>Sedan tidigare finns en konflikt mellan mannen i 70-\u00e5rs\u00e5ldern och tv\u00e5 personer som hyr ett g\u00e5rdshus av honom.<\/p>\n<p>\u2013 Det \u00e4r mannens tv\u00e5 hyresg\u00e4ster som \u00e4r h\u00e4ktade p\u00e5 sk\u00e4lig misstanke. Nu har vi en vecka p\u00e5 oss att komma fram\u00e5t i utredningen och n\u00e5 upp till sannolika sk\u00e4l. I annat fall kommer de misst\u00e4nkta att f\u00f6rs\u00e4ttas p\u00e5 fri fot, s\u00e4ger Joseph Ricken.<\/p>\n<p>M\u00e5lnummer i Lule\u00e5 tingsr\u00e4tt: B 3359-25.<\/p>\n","protected":false},"excerpt":{"rendered":"Natten till m\u00e5ndag den 1 december stod en bil i l\u00e5gor i Sandn\u00e4set utanf\u00f6r Lule\u00e5. En anm\u00e4lan om&hellip;\n","protected":false},"author":2,"featured_media":5946,"comment_status":"","ping_status":"","sticky":false,"template":"","format":"standard","meta":{"footnotes":""},"categories":[5],"tags":[980,979,22,23,26,27,17,21,24,25,28,29,15,16,18,34,31,33,32,30,19,20],"class_list":{"0":"post-101972","1":"post","2":"type-post","3":"status-publish","4":"format-standard","5":"has-post-thumbnail","7":"category-rubriker","8":"tag-klagarmyndigheten","9":"tag-klagare","10":"tag-breaking-news","11":"tag-breakingnews","12":"tag-featured-news","13":"tag-featurednews","14":"tag-headlines","15":"tag-huvudnyheter","16":"tag-latest-news","17":"tag-latestnews","18":"tag-main-news","19":"tag-mainnews","20":"tag-news","21":"tag-nyheter","22":"tag-rubriker","23":"tag-se","24":"tag-svenska","25":"tag-sverige","26":"tag-sweden","27":"tag-swedish","28":"tag-top-stories","29":"tag-topstories"},"share_on_mastodon":{"url":"https:\/\/pubeurope.com\/@se\/115695357963303776","error":""},"_links":{"self":[{"href":"https:\/\/www.europesays.com\/se\/wp-json\/wp\/v2\/posts\/101972","targetHints":{"allow":["GET"]}}],"collection":[{"href":"https:\/\/www.europesays.com\/se\/wp-json\/wp\/v2\/posts"}],"about":[{"href":"https:\/\/www.europesays.com\/se\/wp-json\/wp\/v2\/types\/post"}],"author":[{"embeddable":true,"href":"https:\/\/www.europesays.com\/se\/wp-json\/wp\/v2\/users\/2"}],"replies":[{"embeddable":true,"href":"https:\/\/www.europesays.com\/se\/wp-json\/wp\/v2\/comments?post=101972"}],"version-history":[{"count":0,"href":"https:\/\/www.europesays.com\/se\/wp-json\/wp\/v2\/posts\/101972\/revisions"}],"wp:featuredmedia":[{"embeddable":true,"href":"https:\/\/www.europesays.com\/se\/wp-json\/wp\/v2\/media\/5946"}],"wp:attachment":[{"href":"https:\/\/www.europesays.com\/se\/wp-json\/wp\/v2\/media?parent=101972"}],"wp:term":[{"taxonomy":"category","embeddable":true,"href":"https:\/\/www.europesays.com\/se\/wp-json\/wp\/v2\/categories?post=101972"},{"taxonomy":"post_tag","embeddable":true,"href":"https:\/\/www.europesays.com\/se\/wp-json\/wp\/v2\/tags?post=101972"}],"curies":[{"name":"wp","href":"https:\/\/api.w.org\/{rel}","templated":true}]}}