{"id":101984,"date":"2025-12-10T13:12:08","date_gmt":"2025-12-10T13:12:08","guid":{"rendered":"https:\/\/www.europesays.com\/se\/101984\/"},"modified":"2025-12-10T13:12:08","modified_gmt":"2025-12-10T13:12:08","slug":"dn-direkt-direktor-korde-kraftigt-berusad-genom-skane","status":"publish","type":"post","link":"https:\/\/www.europesays.com\/se\/101984\/","title":{"rendered":"DN Direkt \u2013 Direkt\u00f6r k\u00f6rde kraftigt berusad genom Sk\u00e5ne"},"content":{"rendered":"<p>N\u00e4r en dansk toppdirekt\u00f6r stoppades av polis p\u00e5 Bornholm visade han sig ha 1,87 promille alkohol i blodet. Han trotsade f\u00f6rbudet att k\u00f6ra vidare, tog f\u00e4rjan \u00f6ver till Ystad och k\u00f6rde sedan kraftigt rattfull genom Sk\u00e5ne.<\/p>\n<p>I K\u00f6penhamn stoppades han \u00e5terigen av dansk polis, den h\u00e4r g\u00e5ngen med en promillehalt p\u00e5 1,95.<\/p>\n<p>Danska medier har rapporterat att svensk polis blev f\u00f6rvarnad av danska kollegor om att den berusade bilf\u00f6raren var p\u00e5 v\u00e4g med f\u00e4rja mot Sk\u00e5ne i samband med h\u00e4ndelsen i juni. Men den uppgiften kan inte svensk polis bekr\u00e4fta, rapporterar Ystads Allehanda.<\/p>\n<p>\u2013 Vi \u00e4r lite os\u00e4kra p\u00e5 vem dansk polis har kontaktat, f\u00f6r att vi hittar ingen information om att vi har blivit kontaktade, s\u00e4ger polisens presstalesperson Jimmy Modin till tidningen.<\/p>\n<p>I Danmark har rattfylleristen d\u00f6mts till villkorlig dom, f\u00e5tt b\u00f6ter p\u00e5 117 000 danska kronor samt f\u00f6rbjudits att k\u00f6ra bil i \u00e5tta \u00e5r. D\u00e4rtill har han f\u00f6rlorat ett toppjobb i en dansk n\u00e4ringslivsorganisation.<\/p>\n","protected":false},"excerpt":{"rendered":"N\u00e4r en dansk toppdirekt\u00f6r stoppades av polis p\u00e5 Bornholm visade han sig ha 1,87 promille alkohol i blodet.&hellip;\n","protected":false},"author":2,"featured_media":14013,"comment_status":"","ping_status":"","sticky":false,"template":"","format":"standard","meta":{"footnotes":""},"categories":[12],"tags":[22,23,26,27,17,21,24,25,28,29,15,16,18,34,31,33,32,30,19,20],"class_list":{"0":"post-101984","1":"post","2":"type-post","3":"status-publish","4":"format-standard","5":"has-post-thumbnail","7":"category-sverige","8":"tag-breaking-news","9":"tag-breakingnews","10":"tag-featured-news","11":"tag-featurednews","12":"tag-headlines","13":"tag-huvudnyheter","14":"tag-latest-news","15":"tag-latestnews","16":"tag-main-news","17":"tag-mainnews","18":"tag-news","19":"tag-nyheter","20":"tag-rubriker","21":"tag-se","22":"tag-svenska","23":"tag-sverige","24":"tag-sweden","25":"tag-swedish","26":"tag-top-stories","27":"tag-topstories"},"share_on_mastodon":{"url":"https:\/\/pubeurope.com\/@se\/115695448489186632","error":""},"_links":{"self":[{"href":"https:\/\/www.europesays.com\/se\/wp-json\/wp\/v2\/posts\/101984","targetHints":{"allow":["GET"]}}],"collection":[{"href":"https:\/\/www.europesays.com\/se\/wp-json\/wp\/v2\/posts"}],"about":[{"href":"https:\/\/www.europesays.com\/se\/wp-json\/wp\/v2\/types\/post"}],"author":[{"embeddable":true,"href":"https:\/\/www.europesays.com\/se\/wp-json\/wp\/v2\/users\/2"}],"replies":[{"embeddable":true,"href":"https:\/\/www.europesays.com\/se\/wp-json\/wp\/v2\/comments?post=101984"}],"version-history":[{"count":0,"href":"https:\/\/www.europesays.com\/se\/wp-json\/wp\/v2\/posts\/101984\/revisions"}],"wp:featuredmedia":[{"embeddable":true,"href":"https:\/\/www.europesays.com\/se\/wp-json\/wp\/v2\/media\/14013"}],"wp:attachment":[{"href":"https:\/\/www.europesays.com\/se\/wp-json\/wp\/v2\/media?parent=101984"}],"wp:term":[{"taxonomy":"category","embeddable":true,"href":"https:\/\/www.europesays.com\/se\/wp-json\/wp\/v2\/categories?post=101984"},{"taxonomy":"post_tag","embeddable":true,"href":"https:\/\/www.europesays.com\/se\/wp-json\/wp\/v2\/tags?post=101984"}],"curies":[{"name":"wp","href":"https:\/\/api.w.org\/{rel}","templated":true}]}}