{"id":101991,"date":"2025-12-10T13:23:01","date_gmt":"2025-12-10T13:23:01","guid":{"rendered":"https:\/\/www.europesays.com\/se\/101991\/"},"modified":"2025-12-10T13:23:01","modified_gmt":"2025-12-10T13:23:01","slug":"usa-pekas-ut-som-del-av-hotbild-i-danmark-2","status":"publish","type":"post","link":"https:\/\/www.europesays.com\/se\/101991\/","title":{"rendered":"USA pekas ut som del av hotbild i Danmark"},"content":{"rendered":"<p>Publicerad 9 dec 2025 kl 23.11<\/p>\n<p>F\u00f6r f\u00f6rsta g\u00e5ngen pekas USA ut som en del av hotbilden mot Danmark.<\/p>\n<p>Nyheter, reportage och analyser i Sverige och i \u00f6vriga v\u00e4rlden.<\/p>\n<p>Det skriver tidningen <a href=\"https:\/\/www.berlingske.dk\/internationalt\/nu-dukker-usa-op-i-danmarks-vigtigste-trusselsvurdering-vi-balancerer-mellem-to-poler-erkender-fe-chef\" rel=\"nofollow noopener\" target=\"_blank\">Berlingske<\/a> dagen f\u00f6re det att <a href=\"https:\/\/www.expressen.se\/tagg\/location\/danmark\/\" class=\"\" rel=\"nofollow noopener\" target=\"_blank\">Danmarks<\/a> milit\u00e4ra underr\u00e4ttelsetj\u00e4nst sl\u00e4pper sin \u00e5rliga hotbildsrapport.<\/p>\n<p>Enligt Thomas Ahrenkiel, chef f\u00f6r underr\u00e4ttelsetj\u00e4nsten, st\u00e5r nu mindre l\u00e4nder inf\u00f6r en v\u00e4rld d\u00e4r det r\u00e5der mer \u201ddjungelns lag \u00e4n regelbaserad v\u00e4rldsordning\u201d.<\/p>\n<p>\u2013 Vi ser nu att de tre stora milit\u00e4rmakterna, USA, Ryssland och Kina, p\u00e5 sina olika s\u00e4tt inte st\u00f6der den v\u00e4rldsordningen, s\u00e4ger han till tidningen.<\/p>\n<p>I rapporten heter det att USA nu anv\u00e4nder \u201dsin ekonomiska och teknologiska styrka som ett maktmedel, \u00e4ven mot allierade och partner\u201d.<\/p>\n<p>Sedan Donald Trump tilltr\u00e4dde sin andra mandatperiod som president har USA bland annat hotat med handelstullar och att med olika medel ta \u00f6ver det sj\u00e4lvstyrande danska territoriet Gr\u00f6nland.<\/p>\n","protected":false},"excerpt":{"rendered":"Publicerad 9 dec 2025 kl 23.11 F\u00f6r f\u00f6rsta g\u00e5ngen pekas USA ut som en del av hotbilden mot&hellip;\n","protected":false},"author":2,"featured_media":319,"comment_status":"","ping_status":"","sticky":false,"template":"","format":"standard","meta":{"footnotes":""},"categories":[5],"tags":[50,22,23,26,27,17,21,24,25,3123,45,28,29,15,16,18,34,55,31,33,32,30,19,49,781,20],"class_list":{"0":"post-101991","1":"post","2":"type-post","3":"status-publish","4":"format-standard","5":"has-post-thumbnail","7":"category-rubriker","8":"tag-arme-forsvar","9":"tag-breaking-news","10":"tag-breakingnews","11":"tag-featured-news","12":"tag-featurednews","13":"tag-headlines","14":"tag-huvudnyheter","15":"tag-latest-news","16":"tag-latestnews","17":"tag-location-danmark","18":"tag-location-usa","19":"tag-main-news","20":"tag-mainnews","21":"tag-news","22":"tag-nyheter","23":"tag-rubriker","24":"tag-se","25":"tag-sections-varlden","26":"tag-svenska","27":"tag-sverige","28":"tag-sweden","29":"tag-swedish","30":"tag-top-stories","31":"tag-topic-militar","32":"tag-topic-utrikespolitik","33":"tag-topstories"},"share_on_mastodon":{"url":"","error":""},"_links":{"self":[{"href":"https:\/\/www.europesays.com\/se\/wp-json\/wp\/v2\/posts\/101991","targetHints":{"allow":["GET"]}}],"collection":[{"href":"https:\/\/www.europesays.com\/se\/wp-json\/wp\/v2\/posts"}],"about":[{"href":"https:\/\/www.europesays.com\/se\/wp-json\/wp\/v2\/types\/post"}],"author":[{"embeddable":true,"href":"https:\/\/www.europesays.com\/se\/wp-json\/wp\/v2\/users\/2"}],"replies":[{"embeddable":true,"href":"https:\/\/www.europesays.com\/se\/wp-json\/wp\/v2\/comments?post=101991"}],"version-history":[{"count":0,"href":"https:\/\/www.europesays.com\/se\/wp-json\/wp\/v2\/posts\/101991\/revisions"}],"wp:featuredmedia":[{"embeddable":true,"href":"https:\/\/www.europesays.com\/se\/wp-json\/wp\/v2\/media\/319"}],"wp:attachment":[{"href":"https:\/\/www.europesays.com\/se\/wp-json\/wp\/v2\/media?parent=101991"}],"wp:term":[{"taxonomy":"category","embeddable":true,"href":"https:\/\/www.europesays.com\/se\/wp-json\/wp\/v2\/categories?post=101991"},{"taxonomy":"post_tag","embeddable":true,"href":"https:\/\/www.europesays.com\/se\/wp-json\/wp\/v2\/tags?post=101991"}],"curies":[{"name":"wp","href":"https:\/\/api.w.org\/{rel}","templated":true}]}}