{"id":102025,"date":"2025-12-10T14:11:15","date_gmt":"2025-12-10T14:11:15","guid":{"rendered":"https:\/\/www.europesays.com\/se\/102025\/"},"modified":"2025-12-10T14:11:15","modified_gmt":"2025-12-10T14:11:15","slug":"amplex-lagger-kontantbud-pa-addvise","status":"publish","type":"post","link":"https:\/\/www.europesays.com\/se\/102025\/","title":{"rendered":"Amplex l\u00e4gger kontantbud p\u00e5 Addvise"},"content":{"rendered":"<p class=\"font-sans text-base text-text-main dark:text-text-main-dark font-normal leading-[1.4]\">Amplex erbjuder 1,65 kronor per aktie och 0,49 kronor per teckningsoption kontant i ett bud som v\u00e4rderar Addvise till omkring 1,05 miljarder kronor. Premien \u00e4r 41,5 procent mot g\u00e5rdagens st\u00e4ngningskurs. A-aktierna har dock en negativ premie om 17,3 procent mot st\u00e4ngningskursen ig\u00e5r.<\/p>\n<p>Budgivaren kontrollerar redan n\u00e4ra 30 procent av kapitalet och \u00f6ver 43 procent av r\u00f6sterna och vill n\u00e5 \u00f6ver 90 procent f\u00f6r fullf\u00f6ljande. Acceptfristen v\u00e4ntas l\u00f6pa 11 december till 23 januari.<\/p>\n<p>&#8221;Amplex har som l\u00e5ngsiktig \u00e4gare f\u00f6ljt och st\u00f6ttat Addvise genom b\u00e5de framg\u00e5ng och mer kr\u00e4vande perioder. Vi ser nu att den os\u00e4kerhet som pr\u00e4glar omv\u00e4rlden har skapat en mer utmanande marknad med instabil efterfr\u00e5gan, samtidigt som stora f\u00f6rv\u00e4rv genomf\u00f6rts utan att kapitalbasen f\u00f6rst\u00e4rkts i takt med den \u00f6kade aff\u00e4rsrisken, vilket idag begr\u00e4nsar det finansiella handlingsutrymmet. Bolaget st\u00e5r d\u00e4rf\u00f6r inf\u00f6r betydande utmaningar som blir allt sv\u00e5rare att m\u00f6ta i en noterad milj\u00f6&#8221;, uppger Amplex vd Fredrik Celsing. Han \u00e4r \u00e4ven styrelseordf\u00f6rande i Addvise.<\/p>\n<p>Han forts\u00e4tter.<\/p>\n<p>&#8221;I en privat milj\u00f6 f\u00e5r Addvise tillg\u00e5ng till Amplex fulla operativa erfarenhet och de resurser som kr\u00e4vs f\u00f6r att st\u00e4rka k\u00e4rnaff\u00e4ren, s\u00e4tta tydligare prioriteringar och f\u00f6rb\u00e4ttra den operationella effektiviteten. Detta kommer skapa en stabil grund f\u00f6r l\u00e5ngsiktig utveckling och st\u00e4rka bolagets f\u00f6rm\u00e5ga att m\u00f6ta kundernas behov och bidra till ett l\u00e5ngsiktigt positivt resultat f\u00f6r medarbetare, kunder och \u00f6vriga intressenter.&#8221;<\/p>\n<p>Styrelsen f\u00f6r Addvise kommer att utv\u00e4rdera erbjudandet och ge ett uttalande om sin uppfattning av budet med en fairness opinion senast tv\u00e5 veckor f\u00f6re utg\u00e5ngen av acceptfristen.<br class=\"col-start-2\"\/><\/p>\n","protected":false},"excerpt":{"rendered":"Amplex erbjuder 1,65 kronor per aktie och 0,49 kronor per teckningsoption kontant i ett bud som v\u00e4rderar Addvise&hellip;\n","protected":false},"author":2,"featured_media":102026,"comment_status":"","ping_status":"","sticky":false,"template":"","format":"standard","meta":{"footnotes":""},"categories":[5],"tags":[11650,11651,22,23,26,27,17,21,24,25,28,29,15,16,18,34,31,33,32,30,19,20],"class_list":{"0":"post-102025","1":"post","2":"type-post","3":"status-publish","4":"format-standard","5":"has-post-thumbnail","7":"category-rubriker","8":"tag-addvise-group","9":"tag-addvise-group-a","10":"tag-breaking-news","11":"tag-breakingnews","12":"tag-featured-news","13":"tag-featurednews","14":"tag-headlines","15":"tag-huvudnyheter","16":"tag-latest-news","17":"tag-latestnews","18":"tag-main-news","19":"tag-mainnews","20":"tag-news","21":"tag-nyheter","22":"tag-rubriker","23":"tag-se","24":"tag-svenska","25":"tag-sverige","26":"tag-sweden","27":"tag-swedish","28":"tag-top-stories","29":"tag-topstories"},"share_on_mastodon":{"url":"https:\/\/pubeurope.com\/@se\/115695680408870514","error":""},"_links":{"self":[{"href":"https:\/\/www.europesays.com\/se\/wp-json\/wp\/v2\/posts\/102025","targetHints":{"allow":["GET"]}}],"collection":[{"href":"https:\/\/www.europesays.com\/se\/wp-json\/wp\/v2\/posts"}],"about":[{"href":"https:\/\/www.europesays.com\/se\/wp-json\/wp\/v2\/types\/post"}],"author":[{"embeddable":true,"href":"https:\/\/www.europesays.com\/se\/wp-json\/wp\/v2\/users\/2"}],"replies":[{"embeddable":true,"href":"https:\/\/www.europesays.com\/se\/wp-json\/wp\/v2\/comments?post=102025"}],"version-history":[{"count":0,"href":"https:\/\/www.europesays.com\/se\/wp-json\/wp\/v2\/posts\/102025\/revisions"}],"wp:featuredmedia":[{"embeddable":true,"href":"https:\/\/www.europesays.com\/se\/wp-json\/wp\/v2\/media\/102026"}],"wp:attachment":[{"href":"https:\/\/www.europesays.com\/se\/wp-json\/wp\/v2\/media?parent=102025"}],"wp:term":[{"taxonomy":"category","embeddable":true,"href":"https:\/\/www.europesays.com\/se\/wp-json\/wp\/v2\/categories?post=102025"},{"taxonomy":"post_tag","embeddable":true,"href":"https:\/\/www.europesays.com\/se\/wp-json\/wp\/v2\/tags?post=102025"}],"curies":[{"name":"wp","href":"https:\/\/api.w.org\/{rel}","templated":true}]}}