{"id":10203,"date":"2025-08-21T10:54:08","date_gmt":"2025-08-21T10:54:08","guid":{"rendered":"https:\/\/www.europesays.com\/se\/10203\/"},"modified":"2025-08-21T10:54:08","modified_gmt":"2025-08-21T10:54:08","slug":"usas-roll-for-ukrainas-sakerhet-blir-minimal-varlden","status":"publish","type":"post","link":"https:\/\/www.europesays.com\/se\/10203\/","title":{"rendered":"USA:s roll f\u00f6r Ukrainas s\u00e4kerhet blir \u201dminimal\u201d | V\u00e4rlden"},"content":{"rendered":"<p>USA kommer att ha en \u201dminimal roll\u201d i s\u00e4kerhetsgarantierna f\u00f6r Ukraina.<\/p>\n<p>Det har varit budskapet i veckans f\u00f6rhandlingar.<\/p>\n<p>\u2013 USA f\u00f6rbinder sig inte till n\u00e5gonting, s\u00e4ger en diplomat inom Nato till Politico.<\/p>\n<p>Nyheter, intervjuer, reportage och analyser om Rysslands invasionskrig i Ukraina.<img   alt=\"\"\/><\/p>\n<p>USA f\u00f6rbinder sig \u00e4nnu inte till n\u00e5gonting i s\u00e4kerhetsgarantierna till Ukraina.<\/p>\n<p>Foto: AARON SCHWARTZ\/ UPI\/ SHUTTERSTOCK EDITORIAL\/ IBL<\/p>\n<p>\u00d6ppna bild i helsk\u00e4rm<img loading=\"lazy\"   alt=\"\"\/><\/p>\n<p>Europa kommer att f\u00e5 st\u00e5 f\u00f6r det mesta i f\u00f6rsvaret av Ukraina efter ett eventuellt fredsavtal.<\/p>\n<p>Foto: WH \/ POLARIS \/ POLARIS IMAGES<\/p>\n<p>\u00d6ppna bild i helsk\u00e4rm<img loading=\"lazy\"   alt=\"\"\/><\/p>\n<p>Pentagons policychef har kommit med ett tufft budskap till Europa.<\/p>\n<p>Foto: Michael Brochstein \/ TT<\/p>\n<p>\u00d6ppna bild i helsk\u00e4rmARTIKELN I KORTHET<\/p>\n<p>\u00a0USA v\u00e4ntas ta en \u201dminimal roll\u201d i s\u00e4kerhetsgarantierna, enligt Nato-k\u00e4llor.<\/p>\n<p>\u00a0Pentagon klargjorde i f\u00f6rhandlingar att Europa ska b\u00e4ra huvudansvaret.<\/p>\n<p>\u00a0Trump har tidigare talat om m\u00f6jligt amerikanskt luftst\u00f6d.<\/p>\n<p> Vicepresident JD Vance s\u00e4ger att USA inte f\u00f6rbinder sig till n\u00e5got och att Europa m\u00e5ste ta ledarrollen.<\/p>\n<p> Europeiska f\u00f6retr\u00e4dare uttrycker oro \u00f6ver att USA inte vill binda sig.<\/p>\n<p>Visa mer<\/p>\n<p>Det kommer olika bud om s\u00e4kerhetsgarantierna till <a href=\"https:\/\/www.expressen.se\/tagg\/location\/ukraina\/\" class=\"\" rel=\"nofollow noopener\" target=\"_blank\">Ukraina<\/a>, fr\u00e5n dag till dag.\u00a0<\/p>\n<p>Efter m\u00f6tet mellan <a href=\"https:\/\/www.expressen.se\/tagg\/person\/donald-trump\/\" rel=\"nofollow noopener\" target=\"_blank\">Donald Trump<\/a> och <a href=\"https:\/\/www.expressen.se\/tagg\/person\/vladimir-putin\/\" rel=\"nofollow noopener\" target=\"_blank\">Vladimir Putin<\/a> i Alaska meddelade den amerikanska presidentens s\u00e4ndebud <a href=\"https:\/\/www.expressen.se\/tagg\/person\/steve-witkoff\/\" rel=\"nofollow noopener\" target=\"_blank\">Steve Witkoff <\/a>att <a href=\"https:\/\/www.expressen.se\/tagg\/location\/ryssland\/\" rel=\"nofollow noopener\" target=\"_blank\">Ryssland<\/a> g\u00e5tt med p\u00e5 \u201drobusta s\u00e4kerhetsgarantier\u201d fr\u00e5n v\u00e4st och beskrev garantin som ett <a href=\"https:\/\/www.expressen.se\/nyheter\/varlden\/witkoff-overens-med-putin-om-sakerhetsgarantier\" rel=\"nofollow noopener\" target=\"_blank\">Nato-liknande \u201dartikel 5-skydd\u201d<\/a>. Ryssland har inte bekr\u00e4ftat uppgifterna \u2013 <a href=\"https:\/\/www.expressen.se\/nyheter\/varlden\/ryska-kravet-veto-over-ukrainas-sakerhet\/\" rel=\"nofollow noopener\" target=\"_blank\">snarare tv\u00e4rtom<\/a>.<\/p>\n<p>Samtidigt har Donald Trump varit sv\u00e4vande kring exakt vad USA kan t\u00e4nka sig att erbjuda, men han har \u00e4nd\u00e5 talat om att USA f\u00f6rmodligen kan ge luftst\u00f6d till europeiska marktrupper efter ett fredsavtal.\u00a0<\/p>\n<p>I de <a href=\"https:\/\/www.expressen.se\/nyheter\/varlden\/planerna-laggs-upp-tiotal-lander-beredda-att-skicka-trupper\/\" rel=\"nofollow noopener\" target=\"_blank\">f\u00f6rhandlingar som p\u00e5g\u00e5tt<\/a> i veckan har budskapet dock varit tydligt, enligt ett stort antal k\u00e4llor till <a href=\"https:\/\/www.politico.com\/news\/2025\/08\/20\/pentagon-minimal-security-guarantees-ukraine-00516856\" rel=\"nofollow noopener\" target=\"_blank\">Politico<\/a>. N\u00e4r f\u00f6rsvarschefer fr\u00e5n Storbritannien, Frankrike, Tyskland och Finland bad den amerikanska sidan att klarg\u00f6ra vad de kan bidra med blev svaret fr\u00e5n Pentagons policychef Elbridge Colby att USA kommer att spela en \u201dminimal roll\u201d \u2013 att Europa kommer f\u00e5 b\u00e4ra huvudansvaret f\u00f6r en varaktig fred.<\/p>\n<p>\u2013 Det b\u00f6rjar st\u00e5 klart att det blir Europa som f\u00e5r genomf\u00f6ra detta p\u00e5 marken. USA f\u00f6rbinder sig inte fullt ut till n\u00e5gonting, s\u00e4ger en diplomatk\u00e4lla.\u00a0<\/p>\n<p>JD Vance bekr\u00e4ftar: B\u00f6r ta ledarrollen<\/p>\n<p>Den europeiska sidan har tidigare <a href=\"https:\/\/www.politico.com\/news\/2025\/07\/08\/elbridge-colby-trump-administration-frustrations-00443337\" rel=\"nofollow noopener\" target=\"_blank\">rapporterats vara skeptisk <\/a>till Elbridge Colby. Hans n\u00e4rvaro i samtalen ses som ett tecken p\u00e5 att det blir sv\u00e5rt att \u00f6vertyga USA om starkare st\u00f6d. Det var hans genomg\u00e5ng av vapenlager i USA som fick f\u00f6rsvarsminister <a href=\"https:\/\/www.expressen.se\/tagg\/person\/pete-hegseth\/\" rel=\"nofollow noopener\" target=\"_blank\">Pete Hegseth<\/a> att avbryta leveranserna till Ukraina under en kort tid i juli \u2013 och han har l\u00e4nge propagerat f\u00f6r att Europa ska ta st\u00f6rsta delen av ansvaret i f\u00f6rsvaret mot Ryssland.\u00a0<\/p>\n<p>I en intervju med <a href=\"https:\/\/www.foxnews.com\/media\/vance-tells-musk-stay-loyal-trumps-republican-party-amid-third-party-speculation\" rel=\"nofollow noopener\" target=\"_blank\">Fox News Laura Ingraham<\/a> bekr\u00e4ftar vicepresident JD Vance att USA inte f\u00f6rbinder sig till n\u00e5gonting \u201df\u00f6rr\u00e4n de vet vad som \u00e4r n\u00f6dv\u00e4ndigt f\u00f6r att stoppa kriget\u201d.\u00a0<\/p>\n<p>\u2013 Presidenten utesluter ingenting och han lovar heller ingenting, eftersom han vill beh\u00e5lla sitt f\u00f6rhandlings\u00f6vertag. Vi kommer att ha samtal om vad som \u00e4r n\u00f6dv\u00e4ndigt f\u00f6r att stoppa kriget, s\u00e4ger Vance.\u00a0<\/p>\n<p>Han s\u00e4ger ocks\u00e5 att Europa kommer att f\u00e5 ta ansvaret f\u00f6r \u201dlejonparten\u201d av s\u00e4kerhetsgarantierna.<\/p>\n<p>\u2013 Jag tycker inte att vi ska b\u00e4ra b\u00f6rdan. Jag tycker att vi ska vara hj\u00e4lpsamma om det \u00e4r n\u00f6dv\u00e4ndigt f\u00f6r att f\u00e5 ett slut p\u00e5 kriget och d\u00f6dandet, men Europa b\u00f6r ta ledarrollen. Det \u00e4r deras kontinent, det \u00e4r deras s\u00e4kerhet.<\/p>\n<p>\u2013 Presidenten har varit v\u00e4ldigt tydlig: De m\u00e5ste g\u00f6ra mer.<\/p>\n","protected":false},"excerpt":{"rendered":"USA kommer att ha en \u201dminimal roll\u201d i s\u00e4kerhetsgarantierna f\u00f6r Ukraina. Det har varit budskapet i veckans f\u00f6rhandlingar.&hellip;\n","protected":false},"author":2,"featured_media":10204,"comment_status":"","ping_status":"","sticky":false,"template":"","format":"standard","meta":{"footnotes":""},"categories":[14],"tags":[22,23,26,27,17,21,24,25,274,202,28,29,15,276,16,198,363,1455,335,18,34,55,31,33,32,30,19,204,60,20,51,52,53,54],"class_list":{"0":"post-10203","1":"post","2":"type-post","3":"status-publish","4":"format-standard","5":"has-post-thumbnail","7":"category-varlden","8":"tag-breaking-news","9":"tag-breakingnews","10":"tag-featured-news","11":"tag-featurednews","12":"tag-headlines","13":"tag-huvudnyheter","14":"tag-latest-news","15":"tag-latestnews","16":"tag-location-ryssland","17":"tag-location-ukraina","18":"tag-main-news","19":"tag-mainnews","20":"tag-news","21":"tag-newsstory-kriget-i-ukraina","22":"tag-nyheter","23":"tag-person-donald-trump","24":"tag-person-jd-vance","25":"tag-person-pete-hegseth","26":"tag-person-steve-witkoff","27":"tag-rubriker","28":"tag-se","29":"tag-sections-varlden","30":"tag-svenska","31":"tag-sverige","32":"tag-sweden","33":"tag-swedish","34":"tag-top-stories","35":"tag-topic-amerikansk-politik","36":"tag-topic-krig-konflikt","37":"tag-topstories","38":"tag-varlden","39":"tag-world","40":"tag-world-news","41":"tag-worldnews"},"share_on_mastodon":{"url":"","error":""},"_links":{"self":[{"href":"https:\/\/www.europesays.com\/se\/wp-json\/wp\/v2\/posts\/10203","targetHints":{"allow":["GET"]}}],"collection":[{"href":"https:\/\/www.europesays.com\/se\/wp-json\/wp\/v2\/posts"}],"about":[{"href":"https:\/\/www.europesays.com\/se\/wp-json\/wp\/v2\/types\/post"}],"author":[{"embeddable":true,"href":"https:\/\/www.europesays.com\/se\/wp-json\/wp\/v2\/users\/2"}],"replies":[{"embeddable":true,"href":"https:\/\/www.europesays.com\/se\/wp-json\/wp\/v2\/comments?post=10203"}],"version-history":[{"count":0,"href":"https:\/\/www.europesays.com\/se\/wp-json\/wp\/v2\/posts\/10203\/revisions"}],"wp:featuredmedia":[{"embeddable":true,"href":"https:\/\/www.europesays.com\/se\/wp-json\/wp\/v2\/media\/10204"}],"wp:attachment":[{"href":"https:\/\/www.europesays.com\/se\/wp-json\/wp\/v2\/media?parent=10203"}],"wp:term":[{"taxonomy":"category","embeddable":true,"href":"https:\/\/www.europesays.com\/se\/wp-json\/wp\/v2\/categories?post=10203"},{"taxonomy":"post_tag","embeddable":true,"href":"https:\/\/www.europesays.com\/se\/wp-json\/wp\/v2\/tags?post=10203"}],"curies":[{"name":"wp","href":"https:\/\/api.w.org\/{rel}","templated":true}]}}