{"id":102050,"date":"2025-12-10T14:51:10","date_gmt":"2025-12-10T14:51:10","guid":{"rendered":"https:\/\/www.europesays.com\/se\/102050\/"},"modified":"2025-12-10T14:51:10","modified_gmt":"2025-12-10T14:51:10","slug":"ryssland-planerade-att-spranga-flygplan-fran-europa-till-usa","status":"publish","type":"post","link":"https:\/\/www.europesays.com\/se\/102050\/","title":{"rendered":"Ryssland planerade att spr\u00e4nga flygplan fr\u00e5n Europa till USA"},"content":{"rendered":"<p>Ryssland planerade att spr\u00e4nga flygplan p\u00e5 v\u00e4g till USA.\u00a0<\/p>\n<p>Det \u00e4r bara en av flera sabotageplaner som stoppats i sista stund.<\/p>\n<p>De ryska aktionerna utg\u00f6r ett allt tydligare hot mot m\u00e4nniskoliv i hela Europa.<\/p>\n<p>Senaste klippen om kriget i Ukraina.<img   alt=\"\"\/><\/p>\n<p>Vladimir Putin f\u00f6r ett hybridkrig i Europa.<\/p>\n<p>Foto: RAJAT GUPTA \/ EPA<\/p>\n<p>\u00d6ppna bild i helsk\u00e4rm<img loading=\"lazy\"   alt=\"\"\/><\/p>\n<p>Ryssland misst\u00e4nks ligga bakom branden i ett shoppingcenter utanf\u00f6r Warszawa 2024.<\/p>\n<p>Foto: LESZEK SZYMANSKI \/ PAP<\/p>\n<p>\u00d6ppna bild i helsk\u00e4rmARTIKELN I KORTHET<\/p>\n<p>\u00a0Spr\u00e4ngladdningar i DHL-paket i Leipzig, Birmingham och Warszawa kopplas till Ryssland och var kraftiga nog att kunna f\u00e5 fraktflyg att st\u00f6rta.<\/p>\n<p>\u00a0Enligt k\u00e4llor hade sabot\u00f6rerna ytterligare sex kilo spr\u00e4ng\u00e4mnen och planen var att attackera flyg fr\u00e5n Europa till USA.<\/p>\n<p>\u00a0Underr\u00e4ttelsetj\u00e4nster har stoppat flera ryska sabotageplaner, bland annat mot t\u00e5g, k\u00f6pcentrum, en damm och dricksvatten.<\/p>\n<p> Flera fall visar hur juridiska gr\u00e5zoner g\u00f6r att misst\u00e4nkta sabot\u00f6rer kan l\u00e4mna l\u00e4nder eller sl\u00e4ppas fria i brist p\u00e5 bevis.<\/p>\n<p>Visa mer<\/p>\n<p>Ryssland ligger bakom <a href=\"https:\/\/www.expressen.se\/nyheter\/varlden\/ryska-militara-underrattelsetjansten-grus-europaoffensiv\" rel=\"nofollow noopener\" target=\"_blank\">allt fler attacke<\/a>r \u2013 mord, sabotage, mordbr\u00e4nder och andra attentat \u2013 i Europa.\u00a0<\/p>\n<p>I juli 2024 exploderade DHL-paket p\u00e5 tre olika logistikcenter i Europa: i Leipzig, Birmingham och Warszawa. Bomberna har kunnat kopplas till <a href=\"https:\/\/www.expressen.se\/tagg\/location\/ryssland\/\" class=\"\" rel=\"nofollow noopener\" target=\"_blank\">Ryssland<\/a> och var kraftiga nog f\u00f6r att kunna f\u00e5 ett fraktflygplan att st\u00f6rta.\u00a0<\/p>\n<p>Nu uppger k\u00e4llor f\u00f6r <a href=\"https:\/\/www.ft.com\/content\/2084e87d-d491-4852-8449-f90b73d4788b?sharetype=blocked\" rel=\"nofollow noopener\" target=\"_blank\">Financial Times<\/a> att sabot\u00f6rerna hade ytterligare sex kilo spr\u00e4ngmedel och att n\u00e4sta steg i planen var att attackera flygningar fr\u00e5n Europa till USA.<\/p>\n<p>Enligt k\u00e4llorna var detta bara ett av flera sabotage som avstyrts i sista stund i en kampanj som styrs fr\u00e5n Moskva och som utg\u00f6r en hela tiden \u00f6kande risk f\u00f6r m\u00e4nniskoliv. Underr\u00e4ttelsetj\u00e4nster och polis uppges ha stoppat en l\u00e5ng rad planer p\u00e5 att f\u00e5 fullsatta t\u00e5g att sp\u00e5ra ur, att br\u00e4nna ned k\u00f6pcentrum, spr\u00e4nga en damm och f\u00f6rgifta dricksvatten.<\/p>\n<p>\u2013 Vi f\u00f6rst\u00e5r fortfarande inte riktigt vidden av det som p\u00e5g\u00e5r. Det som \u00e4r k\u00e4nt offentligt \u00e4r bara toppen av isberget\u2009\u2026\u2009det finns fortfarande mycket som regeringar har valt att inte tala om, s\u00e4ger Keir Giles, Rysslandsexpert vid tankesmedjan Chatham House.\u00a0<\/p>\n<p>Minera broar och kartl\u00e4gga j\u00e4rnv\u00e4gar<\/p>\n<p>En chef f\u00f6r en stor underr\u00e4ttelsetj\u00e4nst i Europa s\u00e4ger att man uppt\u00e4ckt hur ryska agenter kartlagt v\u00e4gbroar \u2013 f\u00f6rmodligen med m\u00e5let att minera dem. Samtidigt granskas \u00e4ven j\u00e4rnv\u00e4gar i jakt p\u00e5 svaga punkter.\u00a0<\/p>\n<p><a href=\"https:\/\/www.expressen.se\/nyheter\/varlden\/polen-hojer-beredskapen-efter-sprangningen\" rel=\"nofollow noopener\" target=\"_blank\">Spr\u00e4ngningen mot den polska j\u00e4rnv\u00e4gen<\/a> i f\u00f6rra m\u00e5naden var en v\u00e4ckarklocka. Tv\u00e5 ukrainare som agerat p\u00e5 uppdrag av Ryssland har pekats ut som skyldiga, men lyckades l\u00e4mna landet. Fyra misst\u00e4nkta medhj\u00e4lpare greps \u2013 men sl\u00e4pptes i brist p\u00e5 bevis.\u00a0<\/p>\n<p>Maciej Materka \u00e4r tidigare chef f\u00f6r Polens milit\u00e4ra underr\u00e4ttelsetj\u00e4nst. Han ser ett tydligt systematiskt problem.\u00a0<\/p>\n<p>\u2013 De tog sig in i Polen utan problem, genomf\u00f6rde sin aktion och l\u00e4mnade landet utan bekymmer. Och det finns ytterligare en, minst lika oroande fr\u00e5ga: de personer som samarbetade i sabotaget och som sl\u00e4pptes fria av domstolen, s\u00e4ger han.<\/p>\n<p>Liknande juridiska problem har m\u00e4rkts i till exempel Finland, d\u00e4r en domstol avskrev fallet mot kaptenen p\u00e5 fartyget Eagle S som med sitt ankare f\u00f6rst\u00f6rde fem undervattenskablar i \u00d6stersj\u00f6n, med h\u00e4nvisning till att det f\u00f6ll utanf\u00f6r finsk jurisdiktion.\u00a0<\/p>\n<p>Konstantin von Notz, tidigare ordf\u00f6rande i tyska parlamentets underr\u00e4ttelseutskott, s\u00e4ger att det \u00e4r just dessa gr\u00e5zoner Ryssland f\u00f6rs\u00f6ker utnyttja och att det finns en \u00f6verh\u00e4ngande fara i att de europeiska l\u00e4nderna paralyseras av sina egna regler. I st\u00e4llet m\u00e5ste de agera betydligt mer aggressivt.\u00a0<\/p>\n<p>\u2013 Om det jamar som en katt och ser ut som en katt \u00e4r det f\u00f6rmodligen en katt, s\u00e4ger han.\u00a0<\/p>\n<p><strong>L\u00c4S MER: <\/strong><a href=\"https:\/\/www.expressen.se\/nyheter\/varlden\/rysslands-nya-spionorganisation-for-attacker-mot-europa\/\" class=\"premium-link\" rel=\"nofollow noopener\" target=\"_blank\">Premium Rysslands nya spionorganisation \u2013 f\u00f6r attacker mot Europa<\/a><\/p>\n","protected":false},"excerpt":{"rendered":"Ryssland planerade att spr\u00e4nga flygplan p\u00e5 v\u00e4g till USA.\u00a0 Det \u00e4r bara en av flera sabotageplaner som stoppats&hellip;\n","protected":false},"author":2,"featured_media":102051,"comment_status":"","ping_status":"","sticky":false,"template":"","format":"standard","meta":{"footnotes":""},"categories":[5],"tags":[22,23,26,27,17,21,24,25,11658,286,1302,11656,4565,3515,274,11655,28,29,15,276,16,11657,18,34,55,31,33,32,30,19,60,20],"class_list":{"0":"post-102050","1":"post","2":"type-post","3":"status-publish","4":"format-standard","5":"has-post-thumbnail","7":"category-rubriker","8":"tag-breaking-news","9":"tag-breakingnews","10":"tag-featured-news","11":"tag-featurednews","12":"tag-headlines","13":"tag-huvudnyheter","14":"tag-latest-news","15":"tag-latestnews","16":"tag-location-birmingham","17":"tag-location-europa","18":"tag-location-finland","19":"tag-location-leipzig","20":"tag-location-moskva","21":"tag-location-polen","22":"tag-location-ryssland","23":"tag-location-warszawa","24":"tag-main-news","25":"tag-mainnews","26":"tag-news","27":"tag-newsstory-kriget-i-ukraina","28":"tag-nyheter","29":"tag-organization-dhl","30":"tag-rubriker","31":"tag-se","32":"tag-sections-varlden","33":"tag-svenska","34":"tag-sverige","35":"tag-sweden","36":"tag-swedish","37":"tag-top-stories","38":"tag-topic-krig-konflikt","39":"tag-topstories"},"share_on_mastodon":{"url":"","error":"Validation failed: Text character limit of 500 exceeded"},"_links":{"self":[{"href":"https:\/\/www.europesays.com\/se\/wp-json\/wp\/v2\/posts\/102050","targetHints":{"allow":["GET"]}}],"collection":[{"href":"https:\/\/www.europesays.com\/se\/wp-json\/wp\/v2\/posts"}],"about":[{"href":"https:\/\/www.europesays.com\/se\/wp-json\/wp\/v2\/types\/post"}],"author":[{"embeddable":true,"href":"https:\/\/www.europesays.com\/se\/wp-json\/wp\/v2\/users\/2"}],"replies":[{"embeddable":true,"href":"https:\/\/www.europesays.com\/se\/wp-json\/wp\/v2\/comments?post=102050"}],"version-history":[{"count":0,"href":"https:\/\/www.europesays.com\/se\/wp-json\/wp\/v2\/posts\/102050\/revisions"}],"wp:featuredmedia":[{"embeddable":true,"href":"https:\/\/www.europesays.com\/se\/wp-json\/wp\/v2\/media\/102051"}],"wp:attachment":[{"href":"https:\/\/www.europesays.com\/se\/wp-json\/wp\/v2\/media?parent=102050"}],"wp:term":[{"taxonomy":"category","embeddable":true,"href":"https:\/\/www.europesays.com\/se\/wp-json\/wp\/v2\/categories?post=102050"},{"taxonomy":"post_tag","embeddable":true,"href":"https:\/\/www.europesays.com\/se\/wp-json\/wp\/v2\/tags?post=102050"}],"curies":[{"name":"wp","href":"https:\/\/api.w.org\/{rel}","templated":true}]}}