{"id":102056,"date":"2025-12-10T15:00:14","date_gmt":"2025-12-10T15:00:14","guid":{"rendered":"https:\/\/www.europesays.com\/se\/102056\/"},"modified":"2025-12-10T15:00:14","modified_gmt":"2025-12-10T15:00:14","slug":"sa-skyddar-du-dina-hons-mot-fagelinfluensa","status":"publish","type":"post","link":"https:\/\/www.europesays.com\/se\/102056\/","title":{"rendered":"S\u00e5 skyddar du dina h\u00f6ns mot f\u00e5gelinfluensa"},"content":{"rendered":"<p>Larmen om f\u00e5gelinfluensa hos svenska f\u00e5glar kommer oftast under tiden fr\u00e5n oktober till mars. Viruset f\u00f6ljer med vilda f\u00e5glar och f\u00f6r\u00f6kar sig l\u00e4ttast i svalare temperaturer.<\/p>\n<p>Alla som har h\u00f6ns hemma ska registrera sin flock hos Jordbruksverket, \u00e4ven om h\u00f6nsen \u00e4r f\u00e5. Ett av sk\u00e4len \u00e4r att myndigheterna ska kunna n\u00e5 alla som har fj\u00e4derf\u00e4 i ett drabbat omr\u00e5de s\u00e5 att smittspridningen kan hejdas.<\/p>\n<p>\u2013 Titta g\u00e4rna p\u00e5 Jordbruksverkets hemsida s\u00e5 att kontaktuppgifterna st\u00e4mmer. D\u00e4r finns ocks\u00e5 fakta om smittol\u00e4get just nu och r\u00e5d f\u00f6r dem som bor i en zon med restriktioner f\u00f6r att hejda smittan, s\u00e4ger Ella Sigvardsson, smittskyddshandl\u00e4ggare p\u00e5 Jordbruksverket.<\/p>\n<p>H\u00e4r svarar hon p\u00e5 de vanligaste fr\u00e5gorna om hobbyflockar och f\u00e5gelinfluensa.<\/p>\n<p><strong>Hur skyddar jag mina h\u00f6ns fr\u00e5n f\u00e5gelinfluensa?<\/strong><\/p>\n","protected":false},"excerpt":{"rendered":"Larmen om f\u00e5gelinfluensa hos svenska f\u00e5glar kommer oftast under tiden fr\u00e5n oktober till mars. Viruset f\u00f6ljer med vilda&hellip;\n","protected":false},"author":2,"featured_media":102057,"comment_status":"","ping_status":"","sticky":false,"template":"","format":"standard","meta":{"footnotes":""},"categories":[69],"tags":[113,112,34,31,33,32,30],"class_list":{"0":"post-102056","1":"post","2":"type-post","3":"status-publish","4":"format-standard","5":"has-post-thumbnail","7":"category-halsa","8":"tag-halsa","9":"tag-health","10":"tag-se","11":"tag-svenska","12":"tag-sverige","13":"tag-sweden","14":"tag-swedish"},"share_on_mastodon":{"url":"https:\/\/pubeurope.com\/@se\/115695873557345499","error":""},"_links":{"self":[{"href":"https:\/\/www.europesays.com\/se\/wp-json\/wp\/v2\/posts\/102056","targetHints":{"allow":["GET"]}}],"collection":[{"href":"https:\/\/www.europesays.com\/se\/wp-json\/wp\/v2\/posts"}],"about":[{"href":"https:\/\/www.europesays.com\/se\/wp-json\/wp\/v2\/types\/post"}],"author":[{"embeddable":true,"href":"https:\/\/www.europesays.com\/se\/wp-json\/wp\/v2\/users\/2"}],"replies":[{"embeddable":true,"href":"https:\/\/www.europesays.com\/se\/wp-json\/wp\/v2\/comments?post=102056"}],"version-history":[{"count":0,"href":"https:\/\/www.europesays.com\/se\/wp-json\/wp\/v2\/posts\/102056\/revisions"}],"wp:featuredmedia":[{"embeddable":true,"href":"https:\/\/www.europesays.com\/se\/wp-json\/wp\/v2\/media\/102057"}],"wp:attachment":[{"href":"https:\/\/www.europesays.com\/se\/wp-json\/wp\/v2\/media?parent=102056"}],"wp:term":[{"taxonomy":"category","embeddable":true,"href":"https:\/\/www.europesays.com\/se\/wp-json\/wp\/v2\/categories?post=102056"},{"taxonomy":"post_tag","embeddable":true,"href":"https:\/\/www.europesays.com\/se\/wp-json\/wp\/v2\/tags?post=102056"}],"curies":[{"name":"wp","href":"https:\/\/api.w.org\/{rel}","templated":true}]}}