{"id":102062,"date":"2025-12-10T15:07:08","date_gmt":"2025-12-10T15:07:08","guid":{"rendered":"https:\/\/www.europesays.com\/se\/102062\/"},"modified":"2025-12-10T15:07:08","modified_gmt":"2025-12-10T15:07:08","slug":"servitorens-miss-pa-nobelfesten-i-direktsandning-i-svt","status":"publish","type":"post","link":"https:\/\/www.europesays.com\/se\/102062\/","title":{"rendered":"Servit\u00f6rens miss p\u00e5 Nobelfesten \u2013 i direkts\u00e4ndning i SVT"},"content":{"rendered":"<p>Allt hade g\u00e5tt perfekt i tolv \u00e5r.\u00a0<\/p>\n<p>Sedan h\u00e4nde det som inte fick h\u00e4nda.\u00a0<\/p>\n<p>Vadimas Bliumkinas spillde i direkts\u00e4ndning under Nobelfesten.\u00a0<\/p>\n<p>\u2013 Jag blev ofrivilligt k\u00e4nd i den stunden.\u00a0<\/p>\n<p>H\u00e4r visar servit\u00f6ren tabben fr\u00e5n 2018.<img loading=\"lazy\"   alt=\"\"\/><\/p>\n<p>Vadimas Bliumkinas<\/p>\n<p>Foto: JONAS ENG<\/p>\n<p>\u00d6ppna bild i helsk\u00e4rm<img loading=\"lazy\"   alt=\"\"\/> <\/p>\n<p>Foto: SVT<\/p>\n<p>\u00d6ppna bild i helsk\u00e4rm<\/p>\n<p>Vadimas Bliumkinas pluggade till l\u00e4rare n\u00e4r han b\u00f6rjade jobba extra som servit\u00f6r. Och inte p\u00e5 vilka restauranger som helst, Grand H\u00f4tel och Operaterrassen var hans arbetsgivare under student\u00e5ren.\u00a0<\/p>\n<p>Artikeln i korthet <\/p>\n<p>\u2022 Vadimas Bliumkinas har serverat p\u00e5 Nobelfesten i femton \u00e5rs tid. 2018 tappade han en bit selleri p\u00e5 en professor, n\u00e5got som syntes i direkts\u00e4ndning.<\/p>\n<p>\u2022 Han ber\u00e4ttar hur han \u00f6ver en kv\u00e4ll blev \u201dofrivillig k\u00e4ndis\u201d och vad som h\u00e4nde sen.<\/p>\n<p>Visa mer<\/p>\n<p>I samband med det kom ocks\u00e5 fr\u00e5gan om att servera p\u00e5 Nobelfesten.\u00a0<\/p>\n<p>\u2013 2008 var mitt f\u00f6rsta \u00e5r, d\u00e5 fick jag ha hand om vinserveringen.\u00a0<\/p>\n<p>Redan \u00e5ret efter avancerade han till att f\u00e5 servera mat, n\u00e5got som han fortsatte att g\u00f6ra i flera \u00e5r.\u00a0<\/p>\n<p><img loading=\"lazy\"   alt=\"\"\/><\/p>\n<p>Vadimas visar upp sina diplom som han har f\u00e5tt efter att ha serverat p\u00e5 Nobelfesten.<\/p>\n<p>Foto: JONAS ENG<\/p>\n<p>\u00d6ppna bild i helsk\u00e4rm<\/p>\n<p>N\u00e4r Nobelfesten 2018 n\u00e4rmade sig tackade Vadimas Bliumkinas ja till uppdraget att servera ytterligare en g\u00e5ng.\u00a0<\/p>\n<p>\u2013 Det var 13:e g\u00e5ngen som jag skulle servera p\u00e5 Nobelfesten och jag minns att jag sk\u00e4mtade med n\u00e5gra kolleger och sa att \u201di \u00e5r kommer det s\u00e4kert h\u00e4nda n\u00e5gon skit eftersom 13 \u00e4r en oturssiffra\u201d.\u00a0<\/p>\n<p>\u201dBr\u00e4nde till p\u00e5 halsen\u201d<\/p>\n<p>Det visade sig att han skulle f\u00e5 r\u00e4tt.\u00a0<\/p>\n<p>F\u00f6rr\u00e4ttsserveringen gick bra, men v\u00e4rre blev det n\u00e4r det var dags f\u00f6r varmr\u00e4tt.\u00a0<\/p>\n<p>\u2013 Den bars in p\u00e5 stora fat och alla servit\u00f6rer som skulle vara i synk. Allt gick bra \u00e4nda tills jag k\u00e4nde hur det br\u00e4nde till p\u00e5 halsen. Jag hade r\u00e5kat nudda min egen hals med det varma fatet och ryckte till.\u00a0<\/p>\n<p>Det \u00e4r d\u00e5 det h\u00e4nder.<\/p>\n<p>\u2013 Potatisen p\u00e5 fatet var dekorerad med selleri och n\u00e4r jag br\u00e4nde mig och tappade lite kontroll f\u00f6ll en liten bit selleri ner p\u00e5 en av g\u00e4sterna.\u00a0<\/p>\n<p>Det var molekylprofessorn Dan Larhammar som fick den lilla matbiten p\u00e5 ryggen.\u00a0<\/p>\n<p>\u2013 Han m\u00e4rkte ingenting f\u00f6rst men jag s\u00e5g ju vad som hade h\u00e4nt. Hela situationen gick v\u00e4ldigt snabbt och efter ett kort samtal med hovm\u00e4staren s\u00e5g jag till att spillet st\u00e4dades bort fr\u00e5n professorns rygg.\u00a0<\/p>\n<p>\u201dDe ber\u00e4ttade om fad\u00e4sen\u201d<\/p>\n<p>Vadimas skrattar n\u00e4r han t\u00e4nker tillbaka p\u00e5 incidenten och ber\u00e4ttar att professorn tog det med ro, ingen av dem visste d\u00e5 att det hela gick rakt ut i SVT:s direkts\u00e4ndning.\u00a0<\/p>\n<p>\u2013 Det var f\u00f6rst n\u00e4r hela tillst\u00e4llningen var \u00f6ver som folk omkring ber\u00e4ttade att min fad\u00e4s hade synts i SVT. Och n\u00e4r jag kollade min mobil var det fullt av meddelande. Dagen efter ringde det fr\u00e5n tv och tidningar och snart var jag \u00f6verallt. Jag hade blivit ofrivilligt k\u00e4nd \u00f6ver en natt.\u00a0<\/p>\n<p>\u2013 Men professorn tog det verkligen bra, och hans bordsdam Annie L\u00f6\u00f6f l\u00e4mnade dessutom en sn\u00e4ll lapp d\u00e4r hon skrev att jag gjort ett bra jobb.\u00a0<\/p>\n<p>Annons<\/p>\n<p><img loading=\"lazy\"   alt=\"\"\/><\/p>\n<p>Vadimas tappar en bit selleri p\u00e5 molekylprofessorn Dan Larhammar under Nobelfesten 2018.<\/p>\n<p>Foto: SVT<\/p>\n<p>\u00d6ppna bild i helsk\u00e4rm<img loading=\"lazy\"   alt=\"\"\/><\/p>\n<p>Vadimas f\u00f6rs\u00f6ker reda ut \u201dolyckan\u201d efter att han spillt p\u00e5 professorn.<\/p>\n<p>Foto: SVT<\/p>\n<p>\u00d6ppna bild i helsk\u00e4rm\u201dJag blev inte portad\u201d<\/p>\n<p>Fad\u00e4sen blev inte heller slutet f\u00f6r Vadimas karri\u00e4r p\u00e5 Nobelfesten.\u00a0<\/p>\n<p>\u2013 Jag serverade ytterligare tv\u00e5 \u00e5r, s\u00e5 jag blev inte portad. Och det h\u00e4nder massa s\u00e5na d\u00e4r saker varje \u00e5r, jag hade bara oturen att min olycka syntes i tv.<\/p>\n<p>De senaste \u00e5ren har Vadimas tackat nej till att servera p\u00e5 Nobelfesten.\u00a0<\/p>\n<p>\u2013 Jag \u00e4r 45 \u00e5r nu och tycker att jag \u00e4r lite f\u00f6r gammal, det \u00e4r roligare om yngre servit\u00f6rer f\u00e5r chansen. Men jag kommer alltid vara v\u00e4ldigt tacksam f\u00f6r alla \u00e5r jag var med.<\/p>\n<p>Sl\u00e4ppt Nobelfesten helt har han dock inte gjort.\u00a0<\/p>\n<p>\u2013 Jag brukar bjuda hem v\u00e4nner p\u00e5 \u201dNobelmiddag\u201d och s\u00e5 tittar vi p\u00e5 tv-s\u00e4ndningen tillsammans. De brukar sk\u00e4mta och s\u00e4ga att det inte g\u00f6r n\u00e5got om jag spiller d\u00e5.\u00a0<\/p>\n<p><img loading=\"lazy\"   alt=\"\"\/><\/p>\n<p>Vadimas Bliumkinas visar upp sina diplom fr\u00e5n Nobelfesten.<\/p>\n<p>Foto: JONAS ENG<\/p>\n<p>\u00d6ppna bild i helsk\u00e4rm<\/p>\n","protected":false},"excerpt":{"rendered":"Allt hade g\u00e5tt perfekt i tolv \u00e5r.\u00a0 Sedan h\u00e4nde det som inte fick h\u00e4nda.\u00a0 Vadimas Bliumkinas spillde i&hellip;\n","protected":false},"author":2,"featured_media":102063,"comment_status":"","ping_status":"","sticky":false,"template":"","format":"standard","meta":{"footnotes":""},"categories":[5],"tags":[22,23,26,27,17,21,24,25,28,29,15,11610,16,1022,18,34,154,31,33,32,30,19,20],"class_list":{"0":"post-102062","1":"post","2":"type-post","3":"status-publish","4":"format-standard","5":"has-post-thumbnail","7":"category-rubriker","8":"tag-breaking-news","9":"tag-breakingnews","10":"tag-featured-news","11":"tag-featurednews","12":"tag-headlines","13":"tag-huvudnyheter","14":"tag-latest-news","15":"tag-latestnews","16":"tag-main-news","17":"tag-mainnews","18":"tag-news","19":"tag-newsstory-nobelfesten-2025","20":"tag-nyheter","21":"tag-organization-nobelpriset","22":"tag-rubriker","23":"tag-se","24":"tag-sections-sverige","25":"tag-svenska","26":"tag-sverige","27":"tag-sweden","28":"tag-swedish","29":"tag-top-stories","30":"tag-topstories"},"share_on_mastodon":{"url":"https:\/\/pubeurope.com\/@se\/115695900633072314","error":""},"_links":{"self":[{"href":"https:\/\/www.europesays.com\/se\/wp-json\/wp\/v2\/posts\/102062","targetHints":{"allow":["GET"]}}],"collection":[{"href":"https:\/\/www.europesays.com\/se\/wp-json\/wp\/v2\/posts"}],"about":[{"href":"https:\/\/www.europesays.com\/se\/wp-json\/wp\/v2\/types\/post"}],"author":[{"embeddable":true,"href":"https:\/\/www.europesays.com\/se\/wp-json\/wp\/v2\/users\/2"}],"replies":[{"embeddable":true,"href":"https:\/\/www.europesays.com\/se\/wp-json\/wp\/v2\/comments?post=102062"}],"version-history":[{"count":0,"href":"https:\/\/www.europesays.com\/se\/wp-json\/wp\/v2\/posts\/102062\/revisions"}],"wp:featuredmedia":[{"embeddable":true,"href":"https:\/\/www.europesays.com\/se\/wp-json\/wp\/v2\/media\/102063"}],"wp:attachment":[{"href":"https:\/\/www.europesays.com\/se\/wp-json\/wp\/v2\/media?parent=102062"}],"wp:term":[{"taxonomy":"category","embeddable":true,"href":"https:\/\/www.europesays.com\/se\/wp-json\/wp\/v2\/categories?post=102062"},{"taxonomy":"post_tag","embeddable":true,"href":"https:\/\/www.europesays.com\/se\/wp-json\/wp\/v2\/tags?post=102062"}],"curies":[{"name":"wp","href":"https:\/\/api.w.org\/{rel}","templated":true}]}}