{"id":102070,"date":"2025-12-10T15:15:16","date_gmt":"2025-12-10T15:15:16","guid":{"rendered":"https:\/\/www.europesays.com\/se\/102070\/"},"modified":"2025-12-10T15:15:16","modified_gmt":"2025-12-10T15:15:16","slug":"ukrainas-allierade-mots-ska-prata-sakerhetsgarantier","status":"publish","type":"post","link":"https:\/\/www.europesays.com\/se\/102070\/","title":{"rendered":"Ukrainas allierade m\u00f6ts \u2013 ska prata s\u00e4kerhetsgarantier"},"content":{"rendered":"<p>Ledarna f\u00f6r Ukrainas allierade i Europa kommer att h\u00e5lla ett videosamtal under torsdagen, uppger den franske presidenten Emmanuel Macron enligt AFP. Syftet \u00e4r att diskutera s\u00e4kerhetsgarantier till Ukraina och \u201damerikanernas viktiga bidrag\u201d. <\/p>\n<p>M\u00f6tet h\u00e5lls sedan USA \u00f6kat trycket p\u00e5 Ukraina att g\u00e5 med p\u00e5 det fredsf\u00f6rslag som lagts fram fr\u00e5n amerikanskt h\u00e5ll. Den ukrainske presidenten Volodymyr Zelenskyj har \u00e5 sin sida \u00f6ppnat f\u00f6r att landet kan h\u00e5lla val, ifall s\u00e4kerheten kan garanteras. <\/p>\n<p>Omni \u00e4r politiskt obundna och oberoende. Vi str\u00e4var efter att ge fler perspektiv p\u00e5 nyheterna. Har du fr\u00e5gor eller synpunkter kring v\u00e5r rapportering? <a href=\"https:\/\/omni.se\/ukrainas-allierade-mots-ska-prata-sakerhetsgarantier\/a\/mailto:redaktion@omni.se\" class=\"ArticleActions_contactLink__W2F1M\" rel=\"nofollow noopener\" target=\"_blank\">Kontakta redaktionen<\/a><\/p>\n","protected":false},"excerpt":{"rendered":"Ledarna f\u00f6r Ukrainas allierade i Europa kommer att h\u00e5lla ett videosamtal under torsdagen, uppger den franske presidenten Emmanuel&hellip;\n","protected":false},"author":2,"featured_media":102071,"comment_status":"","ping_status":"","sticky":false,"template":"","format":"standard","meta":{"footnotes":""},"categories":[5],"tags":[387,22,23,265,267,26,27,17,21,24,25,28,29,15,268,16,18,269,34,31,33,32,30,19,20,263,4101,74,262],"class_list":{"0":"post-102070","1":"post","2":"type-post","3":"status-publish","4":"format-standard","5":"has-post-thumbnail","7":"category-rubriker","8":"tag-amerikansk-politik","9":"tag-breaking-news","10":"tag-breakingnews","11":"tag-emmanuel-macron","12":"tag-europa","13":"tag-featured-news","14":"tag-featurednews","15":"tag-headlines","16":"tag-huvudnyheter","17":"tag-latest-news","18":"tag-latestnews","19":"tag-main-news","20":"tag-mainnews","21":"tag-news","22":"tag-nordamerika","23":"tag-nyheter","24":"tag-rubriker","25":"tag-ryska-invasionen","26":"tag-se","27":"tag-svenska","28":"tag-sverige","29":"tag-sweden","30":"tag-swedish","31":"tag-top-stories","32":"tag-topstories","33":"tag-ukraina","34":"tag-ukrainsk-politik","35":"tag-usa","36":"tag-volodymyr-zelenskyj"},"share_on_mastodon":{"url":"https:\/\/pubeurope.com\/@se\/115695932083947863","error":""},"_links":{"self":[{"href":"https:\/\/www.europesays.com\/se\/wp-json\/wp\/v2\/posts\/102070","targetHints":{"allow":["GET"]}}],"collection":[{"href":"https:\/\/www.europesays.com\/se\/wp-json\/wp\/v2\/posts"}],"about":[{"href":"https:\/\/www.europesays.com\/se\/wp-json\/wp\/v2\/types\/post"}],"author":[{"embeddable":true,"href":"https:\/\/www.europesays.com\/se\/wp-json\/wp\/v2\/users\/2"}],"replies":[{"embeddable":true,"href":"https:\/\/www.europesays.com\/se\/wp-json\/wp\/v2\/comments?post=102070"}],"version-history":[{"count":0,"href":"https:\/\/www.europesays.com\/se\/wp-json\/wp\/v2\/posts\/102070\/revisions"}],"wp:featuredmedia":[{"embeddable":true,"href":"https:\/\/www.europesays.com\/se\/wp-json\/wp\/v2\/media\/102071"}],"wp:attachment":[{"href":"https:\/\/www.europesays.com\/se\/wp-json\/wp\/v2\/media?parent=102070"}],"wp:term":[{"taxonomy":"category","embeddable":true,"href":"https:\/\/www.europesays.com\/se\/wp-json\/wp\/v2\/categories?post=102070"},{"taxonomy":"post_tag","embeddable":true,"href":"https:\/\/www.europesays.com\/se\/wp-json\/wp\/v2\/tags?post=102070"}],"curies":[{"name":"wp","href":"https:\/\/api.w.org\/{rel}","templated":true}]}}