{"id":102072,"date":"2025-12-10T15:17:16","date_gmt":"2025-12-10T15:17:16","guid":{"rendered":"https:\/\/www.europesays.com\/se\/102072\/"},"modified":"2025-12-10T15:17:16","modified_gmt":"2025-12-10T15:17:16","slug":"ifk-norrkoping-ar-nara-att-varva-mbaye-cisse","status":"publish","type":"post","link":"https:\/\/www.europesays.com\/se\/102072\/","title":{"rendered":"IFK Norrk\u00f6ping \u00e4r n\u00e4ra att v\u00e4rva Mbaye Ciss\u00e9"},"content":{"rendered":"<p>Publicerad 10 dec 2025 kl 14.23Uppdaterad kl 15.06<\/p>\n<p>IFK Norrk\u00f6ping \u00e4r p\u00e5 v\u00e4g att g\u00f6ra sitt f\u00f6rsta nyf\u00f6rv\u00e4rv efter allsvenska utt\u00e5get.<\/p>\n<p>Enligt Expressens uppgifter \u00e4r IFK \u00f6verens med Teungueth i Senegal g\u00e4llande anfallaren Mbaye Ciss\u00e9, 18.<\/p>\n<p>Endast en l\u00e4karunders\u00f6kning \u00e5terst\u00e5r innan han presenteras.<\/p>\n<p><img   alt=\"\"\/>\u00d6ppna bild i helsk\u00e4rm<\/p>\n<p>Stora f\u00f6r\u00e4ndringar \u00e4r att v\u00e4nta i <a href=\"https:\/\/www.expressen.se\/tagg\/organization\/ifk-norrkoping\/\" class=\"\" rel=\"nofollow noopener\" target=\"_blank\">IFK Norrk\u00f6ping<\/a>. Expressen har tidigare rapporterat att flera spelare v\u00e4ntas l\u00e4mna i vinter \u2013 d\u00e4ribland Arnor Traustason och flera andra pj\u00e4ser.<\/p>\n<p>Det \u00e4r redan officiellt att Kevin H\u00f6\u00f6g Jansson l\u00e4mnat, Amadeus S\u00f6gaard och Yahya Kalley tackat f\u00f6r sig. Men sportchefen Henrik Jurelius jobbar p\u00e5 att flera nyf\u00f6rv\u00e4rv till 2026.<\/p>\n<p>Och IFK \u00e4r i f\u00e4rd med att g\u00f6ra klart med sitt f\u00f6rsta nyf\u00f6rv\u00e4rv inf\u00f6r n\u00e4sta s\u00e4song. Det handlar om den senegalesiske anfallaren Mbaye Ciss\u00e9, 18, fr\u00e5n Teungueth.<\/p>\n<p>V\u00e4rvar stor talang<\/p>\n<p>Klubbarna \u00e4r \u00f6verens om en \u00f6verg\u00e5ng och det enda som \u00e5terst\u00e5r \u00e4r l\u00e4karunders\u00f6kningen. Klarar 18-\u00e5ringen testerna v\u00e4ntas han d\u00e4refter skriva p\u00e5 ett avtal fram till december 2029.<\/p>\n<p>Ciss\u00e9 f\u00f6ddes den 18 mars 2007 och har representerat Senegals U18-landslag. Han deltog bland annat i Uefa Friendship Cup 2025 i Schweiz, en turnering d\u00e4r n\u00e5gra av v\u00e4rldens fr\u00e4msta spelare under 18 \u00e5r medverkar.<\/p>\n<p>D\u00e4r lyckades Ciss\u00e9 g\u00f6ra tre m\u00e5l och en assist p\u00e5 fyra matcher. Talangen provspelade bland annat f\u00f6r Mj\u00e4llby i h\u00f6stas d\u00e4r han gjorde m\u00e5l mot Landskrona i Ligacupen Elit.<\/p>\n<p>Mbaye Ciss\u00e9 ansluter fr\u00e5n Teungueth FC \u2013 samma klubb som Youssoupha Sanyang som v\u00e4rvades till \u00d6ster f\u00f6r ett \u00e5r sedan och s\u00e5ldes vidare till Slavia Prag i v\u00e5ras f\u00f6r \u00f6ver 30 miljoner kronor.\u00a0<\/p>\n<p>Enligt uppgifter till Expressen visade ut\u00f6ver Mj\u00e4llby \u00e4ven AIK stort intresse f\u00f6r spelaren och bj\u00f6d in 18-\u00e5ringen till sin verksamhet, men efter att ha spelat f\u00f6r samtliga tre klubbar under h\u00f6sten har valet allts\u00e5 fallit p\u00e5 \u201dPeking\u201d.<\/p>\n<p>I september uttryckte Martin Falk f\u00f6r NT att han g\u00e4rna ville se talangen i lagbygget 2026.<\/p>\n<p>\u2013 Han \u00e4r sp\u00e4nnande f\u00f6r oss, sa han d\u00e5.<\/p>\n","protected":false},"excerpt":{"rendered":"Publicerad 10 dec 2025 kl 14.23Uppdaterad kl 15.06 IFK Norrk\u00f6ping \u00e4r p\u00e5 v\u00e4g att g\u00f6ra sitt f\u00f6rsta nyf\u00f6rv\u00e4rv&hellip;\n","protected":false},"author":2,"featured_media":102073,"comment_status":"","ping_status":"","sticky":false,"template":"","format":"standard","meta":{"footnotes":""},"categories":[68],"tags":[555,1045,34,129,215,111,110,31,33,32,30],"class_list":{"0":"post-102072","1":"post","2":"type-post","3":"status-publish","4":"format-standard","5":"has-post-thumbnail","7":"category-sport","8":"tag-organization-allsvenskan","9":"tag-organization-ifk-norrkoping","10":"tag-se","11":"tag-sections-fotboll","12":"tag-sections-superettan","13":"tag-sport","14":"tag-sports","15":"tag-svenska","16":"tag-sverige","17":"tag-sweden","18":"tag-swedish"},"share_on_mastodon":{"url":"https:\/\/pubeurope.com\/@se\/115695940035065118","error":""},"_links":{"self":[{"href":"https:\/\/www.europesays.com\/se\/wp-json\/wp\/v2\/posts\/102072","targetHints":{"allow":["GET"]}}],"collection":[{"href":"https:\/\/www.europesays.com\/se\/wp-json\/wp\/v2\/posts"}],"about":[{"href":"https:\/\/www.europesays.com\/se\/wp-json\/wp\/v2\/types\/post"}],"author":[{"embeddable":true,"href":"https:\/\/www.europesays.com\/se\/wp-json\/wp\/v2\/users\/2"}],"replies":[{"embeddable":true,"href":"https:\/\/www.europesays.com\/se\/wp-json\/wp\/v2\/comments?post=102072"}],"version-history":[{"count":0,"href":"https:\/\/www.europesays.com\/se\/wp-json\/wp\/v2\/posts\/102072\/revisions"}],"wp:featuredmedia":[{"embeddable":true,"href":"https:\/\/www.europesays.com\/se\/wp-json\/wp\/v2\/media\/102073"}],"wp:attachment":[{"href":"https:\/\/www.europesays.com\/se\/wp-json\/wp\/v2\/media?parent=102072"}],"wp:term":[{"taxonomy":"category","embeddable":true,"href":"https:\/\/www.europesays.com\/se\/wp-json\/wp\/v2\/categories?post=102072"},{"taxonomy":"post_tag","embeddable":true,"href":"https:\/\/www.europesays.com\/se\/wp-json\/wp\/v2\/tags?post=102072"}],"curies":[{"name":"wp","href":"https:\/\/api.w.org\/{rel}","templated":true}]}}