{"id":102079,"date":"2025-12-10T15:23:16","date_gmt":"2025-12-10T15:23:16","guid":{"rendered":"https:\/\/www.europesays.com\/se\/102079\/"},"modified":"2025-12-10T15:23:16","modified_gmt":"2025-12-10T15:23:16","slug":"allsvenskan-rekordintresse-for-arskort-blavitts-sajt-kraschade","status":"publish","type":"post","link":"https:\/\/www.europesays.com\/se\/102079\/","title":{"rendered":"Allsvenskan \u2022 Rekordintresse f\u00f6r \u00e5rskort \u2013 Bl\u00e5vitts sajt kraschade"},"content":{"rendered":"<p>Publicerad 10 dec 2025 kl 13.26Uppdaterad kl 15.23<\/p>\n<p>Alla 9 000 \u00e5rskort \u00e4r sluts\u00e5lda och sajten kraschade.\u00a0<\/p>\n<p>Intresset kring IFK G\u00f6teborg \u00e4r gl\u00f6dhett inf\u00f6r 2026.\u00a0<\/p>\n<p>\u2013 Ett rekordh\u00f6gt tryck. Vi hade kunnat s\u00e4lja flera tusen till, s\u00e4ger Filip Wilander, int\u00e4ktsansvarig B2C hos Bl\u00e5vitt.\u00a0<\/p>\n<p><img   alt=\"\"\/> <\/p>\n<p>Foto: Adam Ihse\/TT \/ TT NYHETSBYR\u00c5N \/ Adam Ihse<\/p>\n<p>\u00d6ppna bild i helsk\u00e4rm<\/p>\n<p><a href=\"https:\/\/www.expressen.se\/tagg\/organization\/ifk-goteborg\/\" class=\"\" rel=\"nofollow noopener\" target=\"_blank\">IFK G\u00f6teborg<\/a> valde att l\u00e4gga ribban p\u00e5 9 000 \u00e5rskort och s\u00e4lja resten som styckbiljetter till matcherna.\u00a0<\/p>\n<p>P\u00e5 onsdagen sl\u00e4pptes de 200 \u00e5rskorten som fanns kvar \u2013 och d\u00e5 kraschade IFK G\u00f6teborgs sajt tillf\u00e4lligt av trycket. Aldrig f\u00f6rr har s\u00e5 m\u00e5nga supportrar, 8 600 stycken, valt att f\u00f6rnya sina allsvenska \u00e5rskort som inf\u00f6r 2026.\u00a0<\/p>\n<p>\u2013\u00a0Det \u00e4r kul att det har g\u00e5tt s\u00e5 fort. Vi har n\u00e5tt maxtaket tre \u00e5r i rad. Man vill vara p\u00e5 plats p\u00e5 Gamla Ullevi och Bl\u00e5vitt ber\u00f6r, s\u00e4ger Filip Wilander.\u00a0<\/p>\n<p>Efter ett par \u00e5r i bottentr\u00e4sket slutade IFK G\u00f6teborg i \u00e5r p\u00e5 fj\u00e4rde plats. Publiksnittet landade p\u00e5 16 616 i allsvenskan.\u00a0<\/p>\n<p>\u2013\u00a0Jag hade \u00f6nskat en st\u00f6rre arena, s\u00e4ger Filip Wilander.\u00a0<\/p>\n<p>IFK G\u00f6teborgs spelare har semester nu och drar i g\u00e5ng f\u00f6rs\u00e4songen den 5 januari. Sedan v\u00e4ntar f\u00f6rmodligen ett matchfritt tr\u00e4ningsl\u00e4ger i Spanien. N\u00e5gra veckor senare spelar laget Atlantic cup p\u00e5 Algarvekusten i Portugal.\u00a0<\/p>\n<p><strong>L\u00c4S MER: <\/strong><a href=\"https:\/\/www.expressen.se\/sport\/fotboll\/allsvenskan\/domen-sa-bra-var-ifk-goteborgs-spelare\/\" class=\"premium-link\" rel=\"nofollow noopener\" target=\"_blank\">Premium Domen \u2013 s\u00e5 bra var IFK G\u00f6teborgs spelare<\/a><strong>L\u00c4S MER: <\/strong><a href=\"https:\/\/www.expressen.se\/sport\/fotboll\/allsvenskan\/linus-carlstrand-klar-for-oster\/\" class=\"\" rel=\"nofollow noopener\" target=\"_blank\">Linus Carlstrand klar f\u00f6r \u00d6ster<\/a><img loading=\"lazy\"   alt=\"\"\/>\u00d6ppna bild i helsk\u00e4rm<\/p>\n","protected":false},"excerpt":{"rendered":"Publicerad 10 dec 2025 kl 13.26Uppdaterad kl 15.23 Alla 9 000 \u00e5rskort \u00e4r sluts\u00e5lda och sajten kraschade.\u00a0 Intresset&hellip;\n","protected":false},"author":2,"featured_media":102080,"comment_status":"","ping_status":"","sticky":false,"template":"","format":"standard","meta":{"footnotes":""},"categories":[5],"tags":[22,23,26,27,17,21,24,25,28,29,15,16,555,664,18,34,130,129,31,33,32,30,19,20],"class_list":{"0":"post-102079","1":"post","2":"type-post","3":"status-publish","4":"format-standard","5":"has-post-thumbnail","7":"category-rubriker","8":"tag-breaking-news","9":"tag-breakingnews","10":"tag-featured-news","11":"tag-featurednews","12":"tag-headlines","13":"tag-huvudnyheter","14":"tag-latest-news","15":"tag-latestnews","16":"tag-main-news","17":"tag-mainnews","18":"tag-news","19":"tag-nyheter","20":"tag-organization-allsvenskan","21":"tag-organization-ifk-goteborg","22":"tag-rubriker","23":"tag-se","24":"tag-sections-allsvenskan","25":"tag-sections-fotboll","26":"tag-svenska","27":"tag-sverige","28":"tag-sweden","29":"tag-swedish","30":"tag-top-stories","31":"tag-topstories"},"share_on_mastodon":{"url":"https:\/\/pubeurope.com\/@se\/115695963550567526","error":""},"_links":{"self":[{"href":"https:\/\/www.europesays.com\/se\/wp-json\/wp\/v2\/posts\/102079","targetHints":{"allow":["GET"]}}],"collection":[{"href":"https:\/\/www.europesays.com\/se\/wp-json\/wp\/v2\/posts"}],"about":[{"href":"https:\/\/www.europesays.com\/se\/wp-json\/wp\/v2\/types\/post"}],"author":[{"embeddable":true,"href":"https:\/\/www.europesays.com\/se\/wp-json\/wp\/v2\/users\/2"}],"replies":[{"embeddable":true,"href":"https:\/\/www.europesays.com\/se\/wp-json\/wp\/v2\/comments?post=102079"}],"version-history":[{"count":0,"href":"https:\/\/www.europesays.com\/se\/wp-json\/wp\/v2\/posts\/102079\/revisions"}],"wp:featuredmedia":[{"embeddable":true,"href":"https:\/\/www.europesays.com\/se\/wp-json\/wp\/v2\/media\/102080"}],"wp:attachment":[{"href":"https:\/\/www.europesays.com\/se\/wp-json\/wp\/v2\/media?parent=102079"}],"wp:term":[{"taxonomy":"category","embeddable":true,"href":"https:\/\/www.europesays.com\/se\/wp-json\/wp\/v2\/categories?post=102079"},{"taxonomy":"post_tag","embeddable":true,"href":"https:\/\/www.europesays.com\/se\/wp-json\/wp\/v2\/tags?post=102079"}],"curies":[{"name":"wp","href":"https:\/\/api.w.org\/{rel}","templated":true}]}}