{"id":102085,"date":"2025-12-10T15:27:08","date_gmt":"2025-12-10T15:27:08","guid":{"rendered":"https:\/\/www.europesays.com\/se\/102085\/"},"modified":"2025-12-10T15:27:08","modified_gmt":"2025-12-10T15:27:08","slug":"intel-slapper-nya-drivrutiner-for-version-25h2-av-windows-11","status":"publish","type":"post","link":"https:\/\/www.europesays.com\/se\/102085\/","title":{"rendered":"Intel sl\u00e4pper nya drivrutiner f\u00f6r version 25H2 av Windows 11"},"content":{"rendered":"<p>H\u00e4romdagen uppm\u00e4rksammade vi att Microsoft \u00e4r i full f\u00e4rd med att <a href=\"https:\/\/www.pcforalla.se\/article\/3003838\/nu-ska-version-25h2-av-windows-11-rullas-ut-till-fler-anvandare.html\" data-type=\"link\" data-id=\"https:\/\/www.pcforalla.se\/article\/3003838\/nu-ska-version-25h2-av-windows-11-rullas-ut-till-fler-anvandare.html\" rel=\"nofollow noopener\" target=\"_blank\">rulla ut version 25H2 av Windows 11 till fler anv\u00e4ndare<\/a>.<\/p>\n<p>Nu rapporterar <a href=\"https:\/\/idg.digidip.net\/visit?url=https:\/\/www.neowin.net\/news\/intel-users-can-upgrade-to-windows-11-25h2-now-with-proper-wi-fi--bluetooth-driver-support\/&amp;currurl=https:\/\/www.pcforalla.se\/article\/3006921\/intel-slapper-nya-drivrutiner-for-version-25h2-av-windows-11.html&amp;ref=8-1-3006921-1-0-0-0-0\" data-type=\"link\" data-id=\"https:\/\/www.neowin.net\/news\/intel-users-can-upgrade-to-windows-11-25h2-now-with-proper-wi-fi--bluetooth-driver-support\/\" rel=\"nofollow noopener\" data-subtag=\"8-1-3006921-1-0-0-0-0\" data-domain-name=\"neowin\" target=\"_blank\">Neowin<\/a> att Intel har sl\u00e4ppt nya drivrutiner f\u00f6r wifi (24.0.2) och bluetooth (24.0.1), n\u00e5got som g\u00f6r att \u00e4nnu fler anv\u00e4ndare kan installera uppgraderingen till 25H2.<\/p>\n<p>F\u00f6r att anv\u00e4nda 6 GHz-bandet i Wifi 7 kr\u00e4vs 24H2 eller senare, s\u00e5 om du fortfarande k\u00f6r 23H2 b\u00f6r du uppgradera Windows 11 s\u00e5 snart som m\u00f6jligt.<\/p>\n<p>Det b\u00f6r i sammanhanget n\u00e4mnas att det fortfarande finns gott om buggar i 25H2, men j\u00e4mf\u00f6rt med f\u00f6reg\u00e5ngaren 24H2 \u00e4r det en tydlig f\u00f6rb\u00e4ttring.<\/p>\n","protected":false},"excerpt":{"rendered":"H\u00e4romdagen uppm\u00e4rksammade vi att Microsoft \u00e4r i full f\u00e4rd med att rulla ut version 25H2 av Windows 11&hellip;\n","protected":false},"author":2,"featured_media":102086,"comment_status":"","ping_status":"","sticky":false,"template":"","format":"standard","meta":{"footnotes":""},"categories":[66],"tags":[80,78,79,34,31,33,32,30,81,84,83,82],"class_list":{"0":"post-102085","1":"post","2":"type-post","3":"status-publish","4":"format-standard","5":"has-post-thumbnail","7":"category-vetenskap-och-teknik","8":"tag-science","9":"tag-science-and-technology","10":"tag-scienceandtechnology","11":"tag-se","12":"tag-svenska","13":"tag-sverige","14":"tag-sweden","15":"tag-swedish","16":"tag-technology","17":"tag-teknik","18":"tag-vetenskap","19":"tag-vetenskapteknik"},"share_on_mastodon":{"url":"https:\/\/pubeurope.com\/@se\/115695979318398323","error":""},"_links":{"self":[{"href":"https:\/\/www.europesays.com\/se\/wp-json\/wp\/v2\/posts\/102085","targetHints":{"allow":["GET"]}}],"collection":[{"href":"https:\/\/www.europesays.com\/se\/wp-json\/wp\/v2\/posts"}],"about":[{"href":"https:\/\/www.europesays.com\/se\/wp-json\/wp\/v2\/types\/post"}],"author":[{"embeddable":true,"href":"https:\/\/www.europesays.com\/se\/wp-json\/wp\/v2\/users\/2"}],"replies":[{"embeddable":true,"href":"https:\/\/www.europesays.com\/se\/wp-json\/wp\/v2\/comments?post=102085"}],"version-history":[{"count":0,"href":"https:\/\/www.europesays.com\/se\/wp-json\/wp\/v2\/posts\/102085\/revisions"}],"wp:featuredmedia":[{"embeddable":true,"href":"https:\/\/www.europesays.com\/se\/wp-json\/wp\/v2\/media\/102086"}],"wp:attachment":[{"href":"https:\/\/www.europesays.com\/se\/wp-json\/wp\/v2\/media?parent=102085"}],"wp:term":[{"taxonomy":"category","embeddable":true,"href":"https:\/\/www.europesays.com\/se\/wp-json\/wp\/v2\/categories?post=102085"},{"taxonomy":"post_tag","embeddable":true,"href":"https:\/\/www.europesays.com\/se\/wp-json\/wp\/v2\/tags?post=102085"}],"curies":[{"name":"wp","href":"https:\/\/api.w.org\/{rel}","templated":true}]}}