{"id":102093,"date":"2025-12-10T15:33:17","date_gmt":"2025-12-10T15:33:17","guid":{"rendered":"https:\/\/www.europesays.com\/se\/102093\/"},"modified":"2025-12-10T15:33:17","modified_gmt":"2025-12-10T15:33:17","slug":"berattar-sjalv-darfor-brot-han-nhl-kontraktet","status":"publish","type":"post","link":"https:\/\/www.europesays.com\/se\/102093\/","title":{"rendered":"Ber\u00e4ttar sj\u00e4lv: D\u00e4rf\u00f6r br\u00f6t han NHL-kontraktet"},"content":{"rendered":"<p><strong>Anton Lundmark fick sin livs chans i v\u00e5ras n\u00e4r han skrev NHL-kontrakt med Florida Panthers.<br \/>Nio matcher in p\u00e5 Nordamerika-\u00e4ventyret och n\u00e5gra matcher p\u00e5 l\u00e4ktaren senare valde 24-\u00e5ringen att bryta avtalet.<br \/>\u2013 Vad ska jag s\u00e4ga? Det blev inte som jag hade t\u00e4nkt mig, s\u00e4ger Lundmark till Hockeysverige.se.<\/strong><\/p>\n<p><img loading=\"lazy\" decoding=\"async\" width=\"1024\" height=\"658\" src=\"https:\/\/www.europesays.com\/se\/wp-content\/uploads\/2025\/12\/AL251210-1024x658.webp.webp\" alt=\"\" class=\"wp-image-335181\"  \/>Anton Lundmark ber\u00e4ttar om beslutet att bryta NHL-avtalet med Florida Panthers.<br \/><strong>Foto:<\/strong> Bildbyr\u00e5n\/Alamy (Montage)<\/p>\n<p>Det var nog en och annan som h\u00f6jde p\u00e5 \u00f6gonbrynen i v\u00e5ras n\u00e4r det stod klart att regerande Stanley Cup-m\u00e4staren <a href=\"https:\/\/hockeysverige.se\/klubb\/florida-panthers\" rel=\"nofollow noopener\" target=\"_blank\">Florida Panthers<\/a> kontrakterat <a href=\"https:\/\/hockeysverige.se\/klubb\/timra-ik\" rel=\"nofollow noopener\" target=\"_blank\">Timr\u00e5<\/a>-forwarden <a href=\"https:\/\/hockeysverige.se\/spelare\/anton-lundmark\/\" rel=\"nofollow noopener\" target=\"_blank\">Anton Lundmark<\/a>.<\/p>\n<p>Efter en fin debuts\u00e4song i <a href=\"https:\/\/hockeysverige.se\/shl\/\" rel=\"nofollow noopener\" target=\"_blank\">SHL<\/a> med Timr\u00e5, som kr\u00f6ntes med en <a href=\"https:\/\/hockeysverige.se\/landslag\/sverige\/\" rel=\"nofollow noopener\" target=\"_blank\">Tre Kronor<\/a>-debut under v\u00e5ren, skrev Lundmark ett ett\u00e5rskontrakt med <a href=\"https:\/\/hockeysverige.se\/nhl\/\" rel=\"nofollow noopener\" target=\"_blank\">NHL<\/a>-giganten. I somras gick flyttlasset \u00f6ver Atlanten, men sejouren i USA blev kortvarig. Nio spelade matcher och drygt tv\u00e5 m\u00e5nader in p\u00e5 s\u00e4songen valde Lundmark att bryta kontraktet.<\/p>\n<p>\u2013 Vad ska jag s\u00e4ga? Det blev inte som jag hade t\u00e4nkt mig. N\u00e5gonstans k\u00e4nde jag att jag fortfarande \u00e4r en ung spelare som beh\u00f6ver spela matcher och utvecklas. Jag k\u00e4nde vid en viss tidpunkt att det nog var b\u00e4st att bryta och i st\u00e4llet f\u00e5 komma hem och k\u00e4nna lite trygghet och veta hur vardagarna ska se ut. Jag k\u00e4nde att jag beh\u00f6vde forts\u00e4tta ta steg som hockeyspelare och d\u00e5 k\u00e4ndes det som r\u00e4tt beslut att komma hem, s\u00e4ger han till Hockeysverige.se.<\/p>\n<p>Hamnade p\u00e5 l\u00e4ktaren<\/p>\n<p>Lundmark gallrades tidigt bort fr\u00e5n Floridas tr\u00e4ningsl\u00e4ger under h\u00f6sten och f\u00f6rpassades till <a href=\"https:\/\/hockeysverige.se\/ahl\" rel=\"nofollow noopener\" target=\"_blank\">AHL<\/a>-laget Charlotte Checkers, d\u00e4r han i sin tur f\u00f6rpassades till en tillbakadragen roll i forwardshierarkin. Istiden l\u00e5g p\u00e5 runt 13\u201314 minuter per match, gissar Lundmark, i de matcher han fick spela \u2013 samtidigt som han stundtals fick finna sig att sitta p\u00e5 l\u00e4ktaren.<\/p>\n<p>Trots det trivdes \u00e4nd\u00e5 24-\u00e5ringen med tillvaron i Charlotte.<\/p>\n<p>\u2013 Utanf\u00f6r isen har jag \u00e4nd\u00e5 trivts helt okej. Charlotte \u00e4r en j\u00e4ttefin stad med v\u00e4ldigt bra v\u00e4der, s\u00e5 p\u00e5 den biten har det varit bra. Att jag nu kommer hem har egentligen bara med det hockeym\u00e4ssiga att g\u00f6ra med hela utvecklingsbiten. Allt annat \u00e4r jag n\u00f6jd med, s\u00e4ger han.<\/p>\n<p><img loading=\"lazy\" decoding=\"async\" width=\"1024\" height=\"658\" src=\"https:\/\/www.europesays.com\/se\/wp-content\/uploads\/2025\/12\/240924PO115-1024x658.webp.webp\" alt=\"\" class=\"wp-image-335183\"  \/>Anton Lundmark.<br \/><strong>Foto:<\/strong> P\u00e4r Olert\/Bildbyr\u00e5n<\/p>\n<p>Ingen \u00e5nger: \u201dGlad \u00f6ver att ha f\u00e5tt prova\u201d<\/p>\n<p>Att han tog chansen i v\u00e5ras och skrev NHL-avtal med Florida \u00e4r, s\u00e5 klart, inte heller n\u00e5got han \u00e5ngrar.<\/p>\n<p>\u2013 Det blev inte som jag hade \u00f6nskat, men det \u00e4r absolut ingenting jag \u00e5ngrar. Jag vill inte sitta d\u00e4r som 70-\u00e5ring i gungstolen och fundera: \u201dVarf\u00f6r gjorde jag inte det d\u00e4r?\u201d. Jag har absolut ingen \u00e5nger och \u00e4r v\u00e4ldigt glad \u00f6ver att jag har f\u00e5tt prova det h\u00e4r, s\u00e4ger han.<\/p>\n<p><strong>Finns det n\u00e5gra l\u00e4rdomar du kan ta med dig fr\u00e5n dina m\u00e5nader i USA?<\/strong><br \/>\u2013 Spr\u00e5ket, svarar Lundmark blixtsnabbt.<br \/>\u2013 Jag har blivit en riktig hejare p\u00e5 engelska. D\u00e4r har jag blivit riktigt bra. Den var halvtaskig n\u00e4r jag kom till Timr\u00e5 fr\u00e5n Tingsryd, men d\u00e4r hade jag turen att ha Olli (Jokinen) som pratade engelska, s\u00e5 jag hade lite engelska i kroppen n\u00e4r jag \u00e5kte \u00f6ver \u2013 men den har blivit betydligt b\u00e4ttre nu. Det tar jag verkligen med mig och jag hoppas att jag kan h\u00e5lla den vid liv.<\/p>\n<p>Skriver kontrakt till 2028<\/p>\n<p>I st\u00e4llet f\u00f6r en oviss forts\u00e4ttning i farmarligan med Charlotte v\u00e4ntar nu en \u00e5terkomst till Timr\u00e5.<\/p>\n<p>\u2013 Det k\u00e4nns bra. Det k\u00e4nns som hemma, skulle jag s\u00e4ga. Det \u00e4r sk\u00f6nt att se bekanta ansikten och f\u00e5 tr\u00e4ffa allt folk igen. Det k\u00e4nns j\u00e4ttebra och inspirerande.<\/p>\n<p>Lundmark hade sedan tidigare ett g\u00e4llande avtal med klubben, men i samband med \u00e5terkomsten skrev 24-\u00e5ringen ett nytt kontrakt med klubben som str\u00e4cker sig till 2028.<\/p>\n<p>\u2013 Jag k\u00e4nner att det ger mig lite trygghet kring var jag ska vara de n\u00e4rmaste \u00e5ren, s\u00e5 att jag kan jobba p\u00e5 i lugn och ro f\u00f6r att bli en b\u00e4ttre hockeyspelare. Nu har jag tid som jag verkligen kan l\u00e4gga ned p\u00e5 att bli s\u00e5 bra som jag bara kan bli. Det k\u00e4nns v\u00e4ldigt sk\u00f6nt.<\/p>\n<p><img loading=\"lazy\" decoding=\"async\" width=\"1024\" height=\"658\" src=\"https:\/\/www.europesays.com\/se\/wp-content\/uploads\/2025\/12\/250220PO115-1024x658.webp.webp\" alt=\"\" class=\"wp-image-335184\"  \/>Anton Lundmark hoppa bidra med gl\u00e4dje och energi i Timr\u00e5.<br \/>\nFoto: P\u00e4r Olert\/Bildbyr\u00e5n<\/p>\n<p>\u201dVill bidra med lite gl\u00e4dje\u201d<\/p>\n<p>Nu hoppas Lundmark komma in i tabell\u00e5ttan och bidra med fart och fl\u00e4kt \u2013 och bra energi utanf\u00f6r isen.<\/p>\n<p>\u2013 Jag vill bidra med ett glatt hum\u00f6r och lite fart under f\u00f6tterna. Jag vill anv\u00e4nda min skridsko\u00e5kning s\u00e5 mycket som m\u00f6jligt och vara en jobbig spelare att m\u00f6ta, men framf\u00f6r allt vill jag komma in och bidra med lite gl\u00e4dje.<\/p>\n<p><strong>Vad hoppas du f\u00e5 ut av resten av s\u00e4songen?<\/strong><br \/>\u2013 Bra fr\u00e5ga. Jag hoppas att vi kan g\u00e5 s\u00e5 l\u00e5ngt som m\u00f6jligt med laget. Jag tycker att vi har ett bra lag, s\u00e5 jag hoppas att vi kan vara med och utmana i SM-slutspelet. F\u00f6r egen del hoppas jag att jag kan bidra med det jag kan g\u00f6ra och forts\u00e4tter att utvecklas som spelare och m\u00e4nniska. Jag \u00e4r inspirerad av delen som \u00e4r kvar av s\u00e4songen.<\/p>\n<p> Source: <a href=\"https:\/\/www.eliteprospects.com\/player\/350424\/anton-lundmark\" target=\"_blank\" rel=\"noopener noreferrer nofollow\">Anton Lundmark<\/a> @ Elite Prospects<\/p>\n","protected":false},"excerpt":{"rendered":"Anton Lundmark fick sin livs chans i v\u00e5ras n\u00e4r han skrev NHL-kontrakt med Florida Panthers.Nio matcher in p\u00e5&hellip;\n","protected":false},"author":2,"featured_media":102094,"comment_status":"","ping_status":"","sticky":false,"template":"","format":"standard","meta":{"footnotes":""},"categories":[68],"tags":[2544,247,34,134,111,110,31,33,32,30,379],"class_list":{"0":"post-102093","1":"post","2":"type-post","3":"status-publish","4":"format-standard","5":"has-post-thumbnail","7":"category-sport","8":"tag-ahl","9":"tag-nhl","10":"tag-se","11":"tag-shl","12":"tag-sport","13":"tag-sports","14":"tag-svenska","15":"tag-sverige","16":"tag-sweden","17":"tag-swedish","18":"tag-top-article"},"share_on_mastodon":{"url":"https:\/\/pubeurope.com\/@se\/115696003237735326","error":""},"_links":{"self":[{"href":"https:\/\/www.europesays.com\/se\/wp-json\/wp\/v2\/posts\/102093","targetHints":{"allow":["GET"]}}],"collection":[{"href":"https:\/\/www.europesays.com\/se\/wp-json\/wp\/v2\/posts"}],"about":[{"href":"https:\/\/www.europesays.com\/se\/wp-json\/wp\/v2\/types\/post"}],"author":[{"embeddable":true,"href":"https:\/\/www.europesays.com\/se\/wp-json\/wp\/v2\/users\/2"}],"replies":[{"embeddable":true,"href":"https:\/\/www.europesays.com\/se\/wp-json\/wp\/v2\/comments?post=102093"}],"version-history":[{"count":0,"href":"https:\/\/www.europesays.com\/se\/wp-json\/wp\/v2\/posts\/102093\/revisions"}],"wp:featuredmedia":[{"embeddable":true,"href":"https:\/\/www.europesays.com\/se\/wp-json\/wp\/v2\/media\/102094"}],"wp:attachment":[{"href":"https:\/\/www.europesays.com\/se\/wp-json\/wp\/v2\/media?parent=102093"}],"wp:term":[{"taxonomy":"category","embeddable":true,"href":"https:\/\/www.europesays.com\/se\/wp-json\/wp\/v2\/categories?post=102093"},{"taxonomy":"post_tag","embeddable":true,"href":"https:\/\/www.europesays.com\/se\/wp-json\/wp\/v2\/tags?post=102093"}],"curies":[{"name":"wp","href":"https:\/\/api.w.org\/{rel}","templated":true}]}}