{"id":102100,"date":"2025-12-10T15:39:14","date_gmt":"2025-12-10T15:39:14","guid":{"rendered":"https:\/\/www.europesays.com\/se\/102100\/"},"modified":"2025-12-10T15:39:14","modified_gmt":"2025-12-10T15:39:14","slug":"socialtjansten-och-varden-skyller-pa-varandra-ekot","status":"publish","type":"post","link":"https:\/\/www.europesays.com\/se\/102100\/","title":{"rendered":"Socialtj\u00e4nsten och v\u00e5rden skyller p\u00e5 varandra &#8211; Ekot"},"content":{"rendered":"<p><strong>Elsa \u00e4r tv\u00e5ngsomh\u00e4ndertagen<\/strong> sedan i somras. Flickan har en allvarlig tarmsjukdom och mamman har anklagats f\u00f6r att vara f\u00f6r ink\u00e4nnande och \u00f6verdriva sin dotters symptom. Pappa Joakim \u2013 som inte lever med mamman &#8211; undrar varf\u00f6r han inte f\u00e5r prata med Elsa.<\/p>\n<p>\u2013 Hade de \u00e5tminstone sagt att du beh\u00f6ver g\u00f6ra det h\u00e4r eller det h\u00e4r och det h\u00e4r f\u00f6r att vi ska kunna l\u00f6sa situationen eller vi beh\u00f6ver utreda det h\u00e4r, d\u00e5 hade man vetat vad man ska g\u00f6ra. Men nu har de bara tagit henne. Och sen s\u00e4ger de inget. Ska hon vara d\u00e4r ett \u00e5r? Ska hon vara d\u00e4r tre \u00e5r? Vad h\u00e4nder? s\u00e4ger Joakim.<\/p>\n<p>Joakim har f\u00e5tt h\u00f6ra av socialtj\u00e4nsten att sjukv\u00e5rden m\u00e5ste kunna observera henne utan p\u00e5verkan fr\u00e5n v\u00e5rdnadshavare.<\/p>\n<p><strong>Verksamhetschef Camilla Wass<\/strong> p\u00e5 sjukhuset i \u00d6rebro st\u00e4ller upp p\u00e5 en intervju. Men hon vill inte uttala sig om det enskilda fallet:<\/p>\n<p>\u2013 N\u00e4r det g\u00e4ller omh\u00e4ndertagande av barn s\u00e5 \u00e4r ju inte det sjukv\u00e5rden som fattar ett s\u00e5dant beslut. Vi anm\u00e4ler om vi uppfattar eller att vi k\u00e4nner oro f\u00f6r ett barn, s\u00e4ger Camilla Wass.<\/p>\n<p><strong>Men socialtj\u00e4nsten h\u00e4nvisar ju till att sjukv\u00e5rden sagt att flickan m\u00e5ste vara op\u00e5verkad av v\u00e5rdnadshavarna. Vem \u00e4r det d\u00e5 som egentligen best\u00e4mmer?<\/strong><\/p>\n<p>\u2013 Det \u00e4r ju socialtj\u00e4nsten som fattar beslut och domstolarna som vidmakth\u00e5ller om det ska kvarst\u00e5. Det \u00e4r ingenting som vi kan p\u00e5verka.<\/p>\n<p><strong>Men vad betyder det d\u00e5 att sjukv\u00e5rden vill att flickan ska vara op\u00e5verkad av f\u00f6r\u00e4ldrarna?<\/strong><\/p>\n<p>&#8211;Jag t\u00e4nker att det \u00e4r ju en del som kan ha p\u00e5verkat. Jag vet inte vad jag ska svara faktiskt. Jag t\u00e4nker att n\u00e5gon i sjukv\u00e5rden har uttryckt och haft en tanke om att det kanske skulle vara bra f\u00f6r ett barn att vara op\u00e5verkad av en f\u00f6r\u00e4lder. Men att det f\u00e5r s\u00e5n genomslagskraft, det kan faktiskt inte vi ta ansvar f\u00f6r.<\/p>\n<p>Socialtj\u00e4nsten har inte velat svara p\u00e5 n\u00e5gra fr\u00e5gor, med h\u00e4nvisning till barnet.<\/p>\n<p class=\"byline\">Maria Ridderstedt<br \/><a class=\"internal-link\" target=\"_self\" href=\"https:\/\/www.sverigesradio.se\/artikel\/mailto:maria.ridderstedt@sverigesradio.se\" rel=\"nofollow noopener\">maria.ridderstedt@sverigesradio.se<\/a><\/p>\n","protected":false},"excerpt":{"rendered":"Elsa \u00e4r tv\u00e5ngsomh\u00e4ndertagen sedan i somras. Flickan har en allvarlig tarmsjukdom och mamman har anklagats f\u00f6r att vara&hellip;\n","protected":false},"author":2,"featured_media":102101,"comment_status":"","ping_status":"","sticky":false,"template":"","format":"standard","meta":{"footnotes":""},"categories":[5],"tags":[22,23,789,790,791,786,26,27,788,17,21,801,194,24,25,787,28,29,15,16,792,793,794,795,800,796,797,798,803,18,34,111,31,33,785,32,30,19,20,802,83,804,799],"class_list":{"0":"post-102100","1":"post","2":"type-post","3":"status-publish","4":"format-standard","5":"has-post-thumbnail","7":"category-rubriker","8":"tag-breaking-news","9":"tag-breakingnews","10":"tag-direkt","11":"tag-direktsndning","12":"tag-direktsnt","13":"tag-ekot","14":"tag-featured-news","15":"tag-featurednews","16":"tag-hr","17":"tag-headlines","18":"tag-huvudnyheter","19":"tag-inrikesnyheter","20":"tag-kultur","21":"tag-latest-news","22":"tag-latestnews","23":"tag-lyssna","24":"tag-main-news","25":"tag-mainnews","26":"tag-news","27":"tag-nyheter","28":"tag-p1","29":"tag-p2","30":"tag-p3","31":"tag-p4","32":"tag-poddradio","33":"tag-public-service","34":"tag-radio-sweden","35":"tag-radioprogram","36":"tag-radiosporten","37":"tag-rubriker","38":"tag-se","39":"tag-sport","40":"tag-svenska","41":"tag-sverige","42":"tag-sveriges-radio","43":"tag-sweden","44":"tag-swedish","45":"tag-top-stories","46":"tag-topstories","47":"tag-utrikesnyheter","48":"tag-vetenskap","49":"tag-vetenskapsradion","50":"tag-webbradio"},"share_on_mastodon":{"url":"","error":"Validation failed: Text character limit of 500 exceeded"},"_links":{"self":[{"href":"https:\/\/www.europesays.com\/se\/wp-json\/wp\/v2\/posts\/102100","targetHints":{"allow":["GET"]}}],"collection":[{"href":"https:\/\/www.europesays.com\/se\/wp-json\/wp\/v2\/posts"}],"about":[{"href":"https:\/\/www.europesays.com\/se\/wp-json\/wp\/v2\/types\/post"}],"author":[{"embeddable":true,"href":"https:\/\/www.europesays.com\/se\/wp-json\/wp\/v2\/users\/2"}],"replies":[{"embeddable":true,"href":"https:\/\/www.europesays.com\/se\/wp-json\/wp\/v2\/comments?post=102100"}],"version-history":[{"count":0,"href":"https:\/\/www.europesays.com\/se\/wp-json\/wp\/v2\/posts\/102100\/revisions"}],"wp:featuredmedia":[{"embeddable":true,"href":"https:\/\/www.europesays.com\/se\/wp-json\/wp\/v2\/media\/102101"}],"wp:attachment":[{"href":"https:\/\/www.europesays.com\/se\/wp-json\/wp\/v2\/media?parent=102100"}],"wp:term":[{"taxonomy":"category","embeddable":true,"href":"https:\/\/www.europesays.com\/se\/wp-json\/wp\/v2\/categories?post=102100"},{"taxonomy":"post_tag","embeddable":true,"href":"https:\/\/www.europesays.com\/se\/wp-json\/wp\/v2\/tags?post=102100"}],"curies":[{"name":"wp","href":"https:\/\/api.w.org\/{rel}","templated":true}]}}