{"id":102106,"date":"2025-12-10T15:43:10","date_gmt":"2025-12-10T15:43:10","guid":{"rendered":"https:\/\/www.europesays.com\/se\/102106\/"},"modified":"2025-12-10T15:43:10","modified_gmt":"2025-12-10T15:43:10","slug":"satte-fysikens-stora-snillen-pa-prov-nu-kan-en-nastan-hundra-ar-gammal-strid-mellan-einstein-och-bohr-ha-avgjorts","status":"publish","type":"post","link":"https:\/\/www.europesays.com\/se\/102106\/","title":{"rendered":"Satte fysikens stora snillen p\u00e5 prov: Nu kan en n\u00e4stan hundra \u00e5r gammal strid mellan Einstein och Bohr ha avgjorts"},"content":{"rendered":"<p>En grupp forskare fr\u00e5n Kina har \u00e5terskapat tankeexperimentet med hj\u00e4lp av en extremt k\u00e4nslig interferometer som arbetar med en enda atom, och resultatet faller ut till Bohrs f\u00f6rdel.<\/p>\n<p>Einstein utgick fr\u00e5n fysikern Thomas Youngs dubbelspaltsexperiment fr\u00e5n \u00e5r 1801, som genom att l\u00e5ta ljus passera genom tv\u00e5 smala spalter visade att ljus beter sig som v\u00e5gor.<\/p>\n<p>Utifr\u00e5n experimentet menade Einstein att man borde kunna blottl\u00e4gga de partiklar som ljus best\u00e5r av, n\u00e4mligen fotonernas v\u00e4g genom en dubbelspalt utan att f\u00f6rst\u00f6ra det v\u00e5gm\u00f6nster som \u00e4r kvantfysikens signatur.<\/p>\n","protected":false},"excerpt":{"rendered":"En grupp forskare fr\u00e5n Kina har \u00e5terskapat tankeexperimentet med hj\u00e4lp av en extremt k\u00e4nslig interferometer som arbetar med&hellip;\n","protected":false},"author":2,"featured_media":102107,"comment_status":"","ping_status":"","sticky":false,"template":"","format":"standard","meta":{"footnotes":""},"categories":[66],"tags":[80,78,79,34,31,33,32,30,81,84,83,82],"class_list":{"0":"post-102106","1":"post","2":"type-post","3":"status-publish","4":"format-standard","5":"has-post-thumbnail","7":"category-vetenskap-och-teknik","8":"tag-science","9":"tag-science-and-technology","10":"tag-scienceandtechnology","11":"tag-se","12":"tag-svenska","13":"tag-sverige","14":"tag-sweden","15":"tag-swedish","16":"tag-technology","17":"tag-teknik","18":"tag-vetenskap","19":"tag-vetenskapteknik"},"share_on_mastodon":{"url":"https:\/\/pubeurope.com\/@se\/115696042177501242","error":""},"_links":{"self":[{"href":"https:\/\/www.europesays.com\/se\/wp-json\/wp\/v2\/posts\/102106","targetHints":{"allow":["GET"]}}],"collection":[{"href":"https:\/\/www.europesays.com\/se\/wp-json\/wp\/v2\/posts"}],"about":[{"href":"https:\/\/www.europesays.com\/se\/wp-json\/wp\/v2\/types\/post"}],"author":[{"embeddable":true,"href":"https:\/\/www.europesays.com\/se\/wp-json\/wp\/v2\/users\/2"}],"replies":[{"embeddable":true,"href":"https:\/\/www.europesays.com\/se\/wp-json\/wp\/v2\/comments?post=102106"}],"version-history":[{"count":0,"href":"https:\/\/www.europesays.com\/se\/wp-json\/wp\/v2\/posts\/102106\/revisions"}],"wp:featuredmedia":[{"embeddable":true,"href":"https:\/\/www.europesays.com\/se\/wp-json\/wp\/v2\/media\/102107"}],"wp:attachment":[{"href":"https:\/\/www.europesays.com\/se\/wp-json\/wp\/v2\/media?parent=102106"}],"wp:term":[{"taxonomy":"category","embeddable":true,"href":"https:\/\/www.europesays.com\/se\/wp-json\/wp\/v2\/categories?post=102106"},{"taxonomy":"post_tag","embeddable":true,"href":"https:\/\/www.europesays.com\/se\/wp-json\/wp\/v2\/tags?post=102106"}],"curies":[{"name":"wp","href":"https:\/\/api.w.org\/{rel}","templated":true}]}}