{"id":102112,"date":"2025-12-10T15:48:12","date_gmt":"2025-12-10T15:48:12","guid":{"rendered":"https:\/\/www.europesays.com\/se\/102112\/"},"modified":"2025-12-10T15:48:12","modified_gmt":"2025-12-10T15:48:12","slug":"als-17-i-slakten-har-drabbats-ida-37-testade-sig","status":"publish","type":"post","link":"https:\/\/www.europesays.com\/se\/102112\/","title":{"rendered":"ALS \u2013 17 i sl\u00e4kten har drabbats \u2013 Ida, 37, testade sig"},"content":{"rendered":"<p>expand-left<\/p>\n<p>helsk\u00e4rm<img decoding=\"async\" class=\"image-asset hyperion-css-u06ts1\" data-test-tag=\"image-asset\" src=\"https:\/\/www.europesays.com\/se\/wp-content\/uploads\/2025\/12\/be1643f0-3b6a-45b8-96c4-51754e1591ac\"  alt=\"\"  loading=\"eager\" fetchpriority=\"high\" style=\"aspect-ratio:1900 \/ 995\"\/><\/p>\n<p class=\"hyperion-css-1shl3oz\" data-test-tag=\"lead-text\">17 personer i Ida Rasmussens sl\u00e4kt har \u2013 genom generationer \u2013\u00a0drabbats av ALS. Hennes pappa Tomas insjuknar som 38-\u00e5ring och d\u00f6r i sjukdomen. Sedan d\u00f6r hennes syster Hanna, och senare ocks\u00e5 hennes syster Emma. <\/p>\n<p class=\"hyperion-css-1v9qo5x\">check Ida testade sig f\u00f6r att se om hon bar p\u00e5 genen<br \/>check Familjen har donerat blod till forskningen \u2013 ska ha varit avg\u00f6rande f\u00f6r medicinska genombrott<br \/>check H\u00e5ller fast vid pappans hopp om medicin: \u201dAtt de som kommer efter oss ska f\u00e5 tillg\u00e5ng\u201d<\/p>\n","protected":false},"excerpt":{"rendered":"expand-left helsk\u00e4rm 17 personer i Ida Rasmussens sl\u00e4kt har \u2013 genom generationer \u2013\u00a0drabbats av ALS. Hennes pappa Tomas&hellip;\n","protected":false},"author":2,"featured_media":102113,"comment_status":"","ping_status":"","sticky":false,"template":"","format":"standard","meta":{"footnotes":""},"categories":[69],"tags":[113,112,34,31,33,32,30],"class_list":{"0":"post-102112","1":"post","2":"type-post","3":"status-publish","4":"format-standard","5":"has-post-thumbnail","7":"category-halsa","8":"tag-halsa","9":"tag-health","10":"tag-se","11":"tag-svenska","12":"tag-sverige","13":"tag-sweden","14":"tag-swedish"},"share_on_mastodon":{"url":"https:\/\/pubeurope.com\/@se\/115696062194605276","error":""},"_links":{"self":[{"href":"https:\/\/www.europesays.com\/se\/wp-json\/wp\/v2\/posts\/102112","targetHints":{"allow":["GET"]}}],"collection":[{"href":"https:\/\/www.europesays.com\/se\/wp-json\/wp\/v2\/posts"}],"about":[{"href":"https:\/\/www.europesays.com\/se\/wp-json\/wp\/v2\/types\/post"}],"author":[{"embeddable":true,"href":"https:\/\/www.europesays.com\/se\/wp-json\/wp\/v2\/users\/2"}],"replies":[{"embeddable":true,"href":"https:\/\/www.europesays.com\/se\/wp-json\/wp\/v2\/comments?post=102112"}],"version-history":[{"count":0,"href":"https:\/\/www.europesays.com\/se\/wp-json\/wp\/v2\/posts\/102112\/revisions"}],"wp:featuredmedia":[{"embeddable":true,"href":"https:\/\/www.europesays.com\/se\/wp-json\/wp\/v2\/media\/102113"}],"wp:attachment":[{"href":"https:\/\/www.europesays.com\/se\/wp-json\/wp\/v2\/media?parent=102112"}],"wp:term":[{"taxonomy":"category","embeddable":true,"href":"https:\/\/www.europesays.com\/se\/wp-json\/wp\/v2\/categories?post=102112"},{"taxonomy":"post_tag","embeddable":true,"href":"https:\/\/www.europesays.com\/se\/wp-json\/wp\/v2\/tags?post=102112"}],"curies":[{"name":"wp","href":"https:\/\/api.w.org\/{rel}","templated":true}]}}