{"id":102114,"date":"2025-12-10T15:49:36","date_gmt":"2025-12-10T15:49:36","guid":{"rendered":"https:\/\/www.europesays.com\/se\/102114\/"},"modified":"2025-12-10T15:49:36","modified_gmt":"2025-12-10T15:49:36","slug":"uppgifter-mjallby-lagger-miljonbud-pa-nielsen","status":"publish","type":"post","link":"https:\/\/www.europesays.com\/se\/102114\/","title":{"rendered":"Uppgifter: Mj\u00e4llby l\u00e4gger miljonbud p\u00e5 Nielsen"},"content":{"rendered":"<p><strong>Mj\u00e4llby vill k\u00f6pa Hobros Max Nilesen. <br \/>Svenska m\u00e4starna v\u00e4ntas l\u00e4gga miljonbud p\u00e5 h\u00f6gerbacken. <br \/>Det uppger Tipsbladet. <\/strong><\/p>\n<p><img loading=\"lazy\" decoding=\"async\" width=\"1024\" height=\"576\" src=\"https:\/\/www.europesays.com\/se\/wp-content\/uploads\/2025\/12\/max-1024x576.jpg\" alt=\"\" class=\"wp-image-348833\"  \/>Foto: Alamy<\/p>\n<p>Max Nielsen har \u00f6gonen p\u00e5 sig fr\u00e5n flera svenska klubbar. B\u00e5de Mj\u00e4llby och Gais \u00e4r intresserade av h\u00f6gerbacken, enligt Tipsbladet. <\/p>\n<p>Nu kommer Tipsbladet med nya uppgifter om att <a href=\"https:\/\/fotbolldirekt.se\/klubb\/mjallby-aif\/\" rel=\"nofollow noopener\" target=\"_blank\">Mj\u00e4llby<\/a> v\u00e4ntas l\u00e4gga miljonbud p\u00e5 Nielsen. Enligt uppgifterna har Mj\u00e4llby lagt ett bud p\u00e5 400 tusen euro vilket motsvarar tre miljoner kronor. Hobro IK vill enligt uppgifterna ha, 3,75 miljoner kronor f\u00f6r 21-\u00e5ringen. <\/p>\n<p>Det p\u00e5g\u00e5r lite f\u00f6rhandlingar f\u00f6r att komma \u00f6verens men de svenska m\u00e4starna \u00e4r n\u00e4ra att n\u00e5 en \u00f6verenskommelse med Hobro och f\u00f6rhandlingarna ska vara i sin slutfas. <\/p>\n<p>Max Nielsen st\u00e5r noterad f\u00f6r 1 m\u00e5l och 3 assister p\u00e5 19 matcher i \u00e5r. <\/p>\n","protected":false},"excerpt":{"rendered":"Mj\u00e4llby vill k\u00f6pa Hobros Max Nilesen. Svenska m\u00e4starna v\u00e4ntas l\u00e4gga miljonbud p\u00e5 h\u00f6gerbacken. Det uppger Tipsbladet. Foto: Alamy&hellip;\n","protected":false},"author":2,"featured_media":102115,"comment_status":"","ping_status":"","sticky":false,"template":"","format":"standard","meta":{"footnotes":""},"categories":[68],"tags":[173,34,111,110,31,33,32,30],"class_list":{"0":"post-102114","1":"post","2":"type-post","3":"status-publish","4":"format-standard","5":"has-post-thumbnail","7":"category-sport","8":"tag-plus-blocket","9":"tag-se","10":"tag-sport","11":"tag-sports","12":"tag-svenska","13":"tag-sverige","14":"tag-sweden","15":"tag-swedish"},"share_on_mastodon":{"url":"https:\/\/pubeurope.com\/@se\/115696065834276850","error":""},"_links":{"self":[{"href":"https:\/\/www.europesays.com\/se\/wp-json\/wp\/v2\/posts\/102114","targetHints":{"allow":["GET"]}}],"collection":[{"href":"https:\/\/www.europesays.com\/se\/wp-json\/wp\/v2\/posts"}],"about":[{"href":"https:\/\/www.europesays.com\/se\/wp-json\/wp\/v2\/types\/post"}],"author":[{"embeddable":true,"href":"https:\/\/www.europesays.com\/se\/wp-json\/wp\/v2\/users\/2"}],"replies":[{"embeddable":true,"href":"https:\/\/www.europesays.com\/se\/wp-json\/wp\/v2\/comments?post=102114"}],"version-history":[{"count":0,"href":"https:\/\/www.europesays.com\/se\/wp-json\/wp\/v2\/posts\/102114\/revisions"}],"wp:featuredmedia":[{"embeddable":true,"href":"https:\/\/www.europesays.com\/se\/wp-json\/wp\/v2\/media\/102115"}],"wp:attachment":[{"href":"https:\/\/www.europesays.com\/se\/wp-json\/wp\/v2\/media?parent=102114"}],"wp:term":[{"taxonomy":"category","embeddable":true,"href":"https:\/\/www.europesays.com\/se\/wp-json\/wp\/v2\/categories?post=102114"},{"taxonomy":"post_tag","embeddable":true,"href":"https:\/\/www.europesays.com\/se\/wp-json\/wp\/v2\/tags?post=102114"}],"curies":[{"name":"wp","href":"https:\/\/api.w.org\/{rel}","templated":true}]}}