{"id":102119,"date":"2025-12-10T15:55:15","date_gmt":"2025-12-10T15:55:15","guid":{"rendered":"https:\/\/www.europesays.com\/se\/102119\/"},"modified":"2025-12-10T15:55:15","modified_gmt":"2025-12-10T15:55:15","slug":"forfattaren-sophie-kinsella-dod-blev-55-ar-expressen","status":"publish","type":"post","link":"https:\/\/www.europesays.com\/se\/102119\/","title":{"rendered":"F\u00f6rfattaren Sophie Kinsella d\u00f6d \u2013 blev 55 \u00e5r &#8211; Expressen"},"content":{"rendered":"<ol>\n<li><a href=\"https:\/\/news.google.com\/rss\/articles\/CBMilwFBVV95cUxQd0lWU2hISXE2T0Z2OG1Ea3BhbXVPQTJjVEVWNHFsWUJ5d0Y2aVhxbGtqemdFMWNOeHJ0WWNtQ3hwWkpwVE52NVFDZDZWNXZUT0dIZnJ5bXIteTBWaFQ3ell3bjE2OHBpTWx6NDQzOTJHMnFpcGFmU3BJTVZEQ1E4R2c4bmEwQUQ2dUhrdllTdURNYUg3OFVZ?oc=5\" target=\"_blank\" rel=\"nofollow noopener\">F\u00f6rfattaren Sophie Kinsella d\u00f6d \u2013 blev 55 \u00e5r<\/a>&nbsp;&nbsp;Expressen<\/li>\n<li><a href=\"https:\/\/news.google.com\/rss\/articles\/CBMiigFBVV95cUxOTkp2U1F6VmJEZXRRSERpdUticzZwamhPMFBjc2I0MEFEMGgxU1REVVJEOWt4ZExfNWMxTVJLS2tROUF1ZFJNYTRxZzhWSC1QWkJKMzFvUWV4eWF0M0ZrVnZZczVzVmRNU3lOUVItdUhzeDNtRG80YlpkY0gyZkxOajEySU9LeUJRWmc?oc=5\" target=\"_blank\" rel=\"nofollow noopener\">Sophie Kinsella \u00e4r d\u00f6d \u2013 hade \u201daggressiv hj\u00e4rncancer\u201d<\/a>&nbsp;&nbsp;Aftonbladet<\/li>\n<li><a href=\"https:\/\/news.google.com\/rss\/articles\/CBMibEFVX3lxTFBZaTA3SnFmNm90enlyQnRfdUJHY3FaRTF4RGM4cjVEWVBRZmRFVkpEWHZKYjVqVDNIYi1Tem9CWTN1MUlZRmlYX1pocDhVNEVmUFI1dnJBLWwtTXB6NktMVndQSWdWeVhSVkNsbQ?oc=5\" target=\"_blank\" rel=\"nofollow noopener\">F\u00f6rfattaren Sophie Kinsella \u00e4r d\u00f6d \u2013 skrev \u201dShopaholic\u201d-b\u00f6ckerna<\/a>&nbsp;&nbsp;SVT Nyheter<\/li>\n<li><a href=\"https:\/\/news.google.com\/rss\/articles\/CBMihAFBVV95cUxQWkloRjRTanlYM2drVDZVby0yQ0U2SUNHRnNIM0V1U1VRLUs2Y1lqYTNVUDItaU92cWFHNmtZcTVWRXBJMGlwcmd5RVI4LS1rVlRiYkRKQ0R1VXdWZFlkLXlkLWFBd2k5WVk5Ql91aXoyaWZwUWtKNjdYZDM1TTFLeDBoeFc?oc=5\" target=\"_blank\" rel=\"nofollow noopener\">Brittiska f\u00f6rfattaren Sophie Kinsella d\u00f6d<\/a>&nbsp;&nbsp;Sveriges Radio<\/li>\n<li><a href=\"https:\/\/news.google.com\/rss\/articles\/CBMipwFBVV95cUxNd2h3eWJXaXprNGp3M0RmWDZFTGFWbGM4NnlPZi0xM0lNWllrZ0VrNUN0Q2F5UHVTcDV1NXgxWE92Nk9uMGxuclNXTG82TkhfQnNGdmd0NGFfM3BzT28yV191Y3JXdmd2QWc2WWkxNUFNVnZtUk5YaWdZUFpzWXg2MU5Bd1FBZkl6NWRWN0lMQnU3RjJBSDRnRHlLclhCcHFIUXZMbnlZVQ?oc=5\" target=\"_blank\" rel=\"nofollow noopener\">Brittiska f\u00f6rfattaren Sophie Kinsella d\u00f6d \u2013 blev 55 \u00e5r<\/a>&nbsp;&nbsp;GP<\/li>\n<\/ol>\n","protected":false},"excerpt":{"rendered":"F\u00f6rfattaren Sophie Kinsella d\u00f6d \u2013 blev 55 \u00e5r&nbsp;&nbsp;Expressen Sophie Kinsella \u00e4r d\u00f6d \u2013 hade \u201daggressiv hj\u00e4rncancer\u201d&nbsp;&nbsp;Aftonbladet F\u00f6rfattaren Sophie&hellip;\n","protected":false},"author":2,"featured_media":62410,"comment_status":"","ping_status":"","sticky":false,"template":"","format":"standard","meta":{"footnotes":""},"categories":[5],"tags":[22,23,26,27,35,17,21,24,25,28,29,15,16,18,34,31,33,32,30,19,20],"class_list":{"0":"post-102119","1":"post","2":"type-post","3":"status-publish","4":"format-standard","5":"has-post-thumbnail","7":"category-rubriker","8":"tag-breaking-news","9":"tag-breakingnews","10":"tag-featured-news","11":"tag-featurednews","12":"tag-function-ta-bort-ai-rost","13":"tag-headlines","14":"tag-huvudnyheter","15":"tag-latest-news","16":"tag-latestnews","17":"tag-main-news","18":"tag-mainnews","19":"tag-news","20":"tag-nyheter","21":"tag-rubriker","22":"tag-se","23":"tag-svenska","24":"tag-sverige","25":"tag-sweden","26":"tag-swedish","27":"tag-top-stories","28":"tag-topstories"},"share_on_mastodon":{"url":"https:\/\/pubeurope.com\/@se\/115696089393540985","error":""},"_links":{"self":[{"href":"https:\/\/www.europesays.com\/se\/wp-json\/wp\/v2\/posts\/102119","targetHints":{"allow":["GET"]}}],"collection":[{"href":"https:\/\/www.europesays.com\/se\/wp-json\/wp\/v2\/posts"}],"about":[{"href":"https:\/\/www.europesays.com\/se\/wp-json\/wp\/v2\/types\/post"}],"author":[{"embeddable":true,"href":"https:\/\/www.europesays.com\/se\/wp-json\/wp\/v2\/users\/2"}],"replies":[{"embeddable":true,"href":"https:\/\/www.europesays.com\/se\/wp-json\/wp\/v2\/comments?post=102119"}],"version-history":[{"count":0,"href":"https:\/\/www.europesays.com\/se\/wp-json\/wp\/v2\/posts\/102119\/revisions"}],"wp:featuredmedia":[{"embeddable":true,"href":"https:\/\/www.europesays.com\/se\/wp-json\/wp\/v2\/media\/62410"}],"wp:attachment":[{"href":"https:\/\/www.europesays.com\/se\/wp-json\/wp\/v2\/media?parent=102119"}],"wp:term":[{"taxonomy":"category","embeddable":true,"href":"https:\/\/www.europesays.com\/se\/wp-json\/wp\/v2\/categories?post=102119"},{"taxonomy":"post_tag","embeddable":true,"href":"https:\/\/www.europesays.com\/se\/wp-json\/wp\/v2\/tags?post=102119"}],"curies":[{"name":"wp","href":"https:\/\/api.w.org\/{rel}","templated":true}]}}