{"id":102189,"date":"2025-12-10T17:30:12","date_gmt":"2025-12-10T17:30:12","guid":{"rendered":"https:\/\/www.europesays.com\/se\/102189\/"},"modified":"2025-12-10T17:30:12","modified_gmt":"2025-12-10T17:30:12","slug":"vi-soker-tva-atervinningsarbetare-borgholm-energi","status":"publish","type":"post","link":"https:\/\/www.europesays.com\/se\/102189\/","title":{"rendered":"Vi s\u00f6ker tv\u00e5 \u00e5tervinningsarbetare &#8211; Borgholm Energi"},"content":{"rendered":"<p>\t\t\t\t\t\t<strong>Har du intresse f\u00f6r milj\u00f6 och h\u00e5llbarhet? Vill du vara en del av v\u00e5rt team? Nu s\u00f6ker vi dig &#13;<br \/>\nsom vill bli avfallsexpert hos oss p\u00e5 Borgholm Energi. <\/strong><\/p>\n<p>\t\t\t\t\t\t\t\t\t<img decoding=\"async\" class=\"figure-img img-fluid\" src=\"https:\/\/www.europesays.com\/se\/wp-content\/uploads\/2025\/12\/1765387812_764_obj\" alt=\"Tre \u00e5tervinningsarbetare p\u00e5 en \u00e5tervinningscentral\"\/><br \/>\n\t\t\t\t\t\t\t\t\t Fotograf\/K\u00e4lla: Borgholm Energi<\/p>\n<p>Som \u00e5tervinningsarbetare \u00e4r du ansiktet ut\u00e5t f\u00f6r v\u00e5ra kunder som bes\u00f6ker \u00e5tervinningscentralerna eller m\u00f6ter oss ute p\u00e5 v\u00e4garna. Arbetet best\u00e5r av tv\u00e5 delar, d\u00e4r den ena \u00e4r att m\u00f6ta kunder p\u00e5 v\u00e5ra \u00e5tervinningscentraler och att arbeta med att h\u00e5lla anl\u00e4ggningen i gott skick. Den andra delen \u00e4r att med hj\u00e4lp med insamlingen av avfall fr\u00e5n hush\u00e5ll.\u00a0<\/p>\n<p>Som en del av v\u00e5r grupp f\u00f6rv\u00e4ntas du arbeta utifr\u00e5n v\u00e5ra v\u00e4rdeord V\u00e4lkomnade, Utvecklande och Tillsammans samt att du delar v\u00e5r str\u00e4van mot ett h\u00e5llbart samh\u00e4lle.<\/p>\n<p>L\u00e5ter detta som n\u00e5got f\u00f6r dig? L\u00e4s mer om tj\u00e4nsten och ans\u00f6k p\u00e5 <a href=\"https:\/\/borgholmenergi.se\/om-oss\/jobba-hos-oss\/\" rel=\"nofollow noopener\" target=\"_blank\">borgholmenergi.se<\/a>.\u00a0<\/p>\n<p>Tj\u00e4nstens omfattning \u00e4r timvikarie. Sista ans\u00f6kningsdag \u00e4r den <strong>11 januari 2026<\/strong>. V\u00e4lkommen med din ans\u00f6kan!<\/p>\n","protected":false},"excerpt":{"rendered":"Har du intresse f\u00f6r milj\u00f6 och h\u00e5llbarhet? Vill du vara en del av v\u00e5rt team? Nu s\u00f6ker vi&hellip;\n","protected":false},"author":2,"featured_media":102190,"comment_status":"","ping_status":"","sticky":false,"template":"","format":"standard","meta":{"footnotes":""},"categories":[65],"tags":[72,70,71,34,31,33,32,30],"class_list":{"0":"post-102189","1":"post","2":"type-post","3":"status-publish","4":"format-standard","5":"has-post-thumbnail","7":"category-ekonomi","8":"tag-business","9":"tag-economy","10":"tag-ekonomi","11":"tag-se","12":"tag-svenska","13":"tag-sverige","14":"tag-sweden","15":"tag-swedish"},"share_on_mastodon":{"url":"https:\/\/pubeurope.com\/@se\/115696463178812146","error":""},"_links":{"self":[{"href":"https:\/\/www.europesays.com\/se\/wp-json\/wp\/v2\/posts\/102189","targetHints":{"allow":["GET"]}}],"collection":[{"href":"https:\/\/www.europesays.com\/se\/wp-json\/wp\/v2\/posts"}],"about":[{"href":"https:\/\/www.europesays.com\/se\/wp-json\/wp\/v2\/types\/post"}],"author":[{"embeddable":true,"href":"https:\/\/www.europesays.com\/se\/wp-json\/wp\/v2\/users\/2"}],"replies":[{"embeddable":true,"href":"https:\/\/www.europesays.com\/se\/wp-json\/wp\/v2\/comments?post=102189"}],"version-history":[{"count":0,"href":"https:\/\/www.europesays.com\/se\/wp-json\/wp\/v2\/posts\/102189\/revisions"}],"wp:featuredmedia":[{"embeddable":true,"href":"https:\/\/www.europesays.com\/se\/wp-json\/wp\/v2\/media\/102190"}],"wp:attachment":[{"href":"https:\/\/www.europesays.com\/se\/wp-json\/wp\/v2\/media?parent=102189"}],"wp:term":[{"taxonomy":"category","embeddable":true,"href":"https:\/\/www.europesays.com\/se\/wp-json\/wp\/v2\/categories?post=102189"},{"taxonomy":"post_tag","embeddable":true,"href":"https:\/\/www.europesays.com\/se\/wp-json\/wp\/v2\/tags?post=102189"}],"curies":[{"name":"wp","href":"https:\/\/api.w.org\/{rel}","templated":true}]}}