{"id":102193,"date":"2025-12-10T17:52:09","date_gmt":"2025-12-10T17:52:09","guid":{"rendered":"https:\/\/www.europesays.com\/se\/102193\/"},"modified":"2025-12-10T17:52:09","modified_gmt":"2025-12-10T17:52:09","slug":"nobelfesten-2025","status":"publish","type":"post","link":"https:\/\/www.europesays.com\/se\/102193\/","title":{"rendered":"Nobelfesten 2025"},"content":{"rendered":"<p class=\"hyperion-css-1shl3oz\" data-test-tag=\"lead-text\">\u00c4ntligen dags f\u00f6r Nobel! <\/p>\n<p class=\"hyperion-css-1shl3oz\" data-test-tag=\"lead-text\">Aftonbladets hovreporter Jenny Alexandersson, Maria Bjaring fr\u00e5n Kungligt-podden och reporter Jonathan Norberg chattar fr\u00e5n den stora festkv\u00e4llen.<\/p>\n<p class=\"hyperion-css-1shl3oz\" data-test-tag=\"lead-text\">F\u00f6lj liverapporten h\u00e4r. <\/p>\n<ul class=\"hyperion-css-dlhdzr\">\n<li class=\"hyperion-css-y50u4e\" data-entry-tags=\"\" data-testid=\"liveblog-entry\">\n<p>S\u00e5 ser honn\u00f6rsbordet ut<\/p>\n<p><img decoding=\"async\" class=\"hyperion-css-4zyuxd\" alt=\"Delar av \u00e5rets honn\u00f6rsbord.\" src=\"https:\/\/www.europesays.com\/se\/wp-content\/uploads\/2025\/12\/1765389128_522_87c3d2a42b31f812a6517801f8533b89\"  loading=\"eager\" style=\"aspect-ratio:150\/167;height:auto;width:100%\"\/><\/p>\n<p>Delar av \u00e5rets honn\u00f6rsbord. Foto: Nobel Prize<\/p>\n<p>S\u00e5 ser honn\u00f6rsbordet ut<\/p>\n<p class=\"hyperion-css-mtu8ek\">Funderar du p\u00e5 vem som f\u00e5r \u00e4ran att sitta bredvid kungligheterna i kv\u00e4ll?<\/p>\n<p class=\"hyperion-css-mtu8ek\">Nobelstyrelsens styrelseordf\u00f6rande Astrid Widding S\u00f6derbergh och medcinpristagaren Mary\u00a0E Brunkow f\u00e5r kung Carl Gustaf som granne vid honn\u00f6rsbordet, enligt den officiella bordsplaceringen.<\/p>\n<p class=\"hyperion-css-mtu8ek\">Kronprinsessan Victoria har placerats mellan kemipristagarna Omar\u00a0M Yaghi och Susumu Kitagawa.<\/p>\n<p class=\"hyperion-css-mtu8ek\">Vid honn\u00f6rsbordet finns \u00e4ven ministrar och respektive till pristagarna.<\/p>\n<p class=\"hyperion-css-mtu8ek\">Till bords finns \u00e4ven n\u00e5gra ov\u00e4ntade namn.<\/p>\n<p class=\"hyperion-css-mtu8ek\">Tysklands tidigare f\u00f6rbundskansler Angela Merkel \u00e4r till exempel inbjuden, och kommer att f\u00e5 sitta mellan litteraturpristagaren L\u00e1szl\u00f3 Krasznahorkai och ekonomipristagaren Peter Howitt.<\/p>\n<p class=\"hyperion-css-mtu8ek\">Mitt emot sig f\u00e5r Merkel statsministerfrun Birgitta Kristersson Ed.<\/p>\n<\/li>\n<\/ul>\n<p>Logga in f\u00f6r att skriva<\/p>\n<ul class=\"hyperion-css-88kmbp\">\n<li class=\"hyperion-css-100j4g8\" data-entry-tags=\"\" data-testid=\"liveblog-entry\">\n<p>Mohamsson (L) f\u00e5r hj\u00e4lp med kl\u00e4nningen<\/p>\n<p><img decoding=\"async\" class=\"hyperion-css-4zyuxd\" alt=\"\" src=\"https:\/\/www.europesays.com\/se\/wp-content\/uploads\/2025\/12\/3bfa05cad07c799b8c36ec2eaaea1bb9\"  loading=\"lazy\" style=\"aspect-ratio:150\/undefined;height:auto;width:100%\"\/><\/p>\n<p>Foto: Patrik C Osterberg \/ Stella<\/p>\n<p>Mohamsson (L) f\u00e5r hj\u00e4lp med kl\u00e4nningen<\/p>\n<p class=\"hyperion-css-mtu8ek\">Liberalernas partiledare Simona Mohamsson f\u00e5r lite extra fl\u00e4rd p\u00e5 kl\u00e4nningen med hj\u00e4lp av klimat- och milj\u00f6minister Romina Purmokhtari.<\/p>\n<p class=\"hyperion-css-mtu8ek\">Detta \u00e4r Simona Mohamssons f\u00f6rsta Nobelfest.<\/p>\n<\/li>\n<li class=\"hyperion-css-100j4g8\" data-entry-tags=\"\" data-testid=\"liveblog-entry\">\n<p class=\"hyperion-css-mtu8ek\">Blomsterarrangemangen 2025 beskrivs som \u201cblomstermagi\u201d d\u00e4r f\u00e4rgskalan g\u00e5r i gr\u00f6nt, orange, brunt, lila, purpur, r\u00f6tt, terra, aprikos, honung och guld, vilket knyter an till en varm, h\u00f6stlig\u2013vinterlig palett.<\/p>\n<p class=\"hyperion-css-mtu8ek\">\u00d6ver 30 personer har arbetar under en vecka, fr\u00e5n morgon till kv\u00e4ll, f\u00f6r att f\u00e5 detta vackra.<\/p>\n<\/li>\n<li class=\"hyperion-css-100j4g8 chat-entry\" data-entry-tags=\"\" data-testid=\"liveblog-entry\">\n<p class=\"hyperion-css-mtu8ek\">vilka ifr\u00e5n oppositionen \u00e4r inbjudna?<\/p>\n<p>Gustav<\/p>\n<p class=\"hyperion-css-mtu8ek\">Hej Knut! Samtliga partiledare \u00e4r inbjudna till b\u00e5de ceremonin och banketten. Jimmie \u00c5kesson (SD) har tackat nej till att delta.<\/p>\n<\/li>\n<li class=\"hyperion-css-100j4g8 chat-entry\" data-entry-tags=\"\" data-testid=\"liveblog-entry\">\n<p class=\"hyperion-css-mtu8ek\">Nej Sara var elegant, j\u00e4mf\u00f6r inte&#8230;.&#13;<\/p>\n<\/li>\n<li class=\"hyperion-css-100j4g8 chat-entry\" data-entry-tags=\"\" data-testid=\"liveblog-entry\"\/><\/ul>\n<p>Visa fler inl\u00e4gg<\/p>\n","protected":false},"excerpt":{"rendered":"\u00c4ntligen dags f\u00f6r Nobel! Aftonbladets hovreporter Jenny Alexandersson, Maria Bjaring fr\u00e5n Kungligt-podden och reporter Jonathan Norberg chattar fr\u00e5n&hellip;\n","protected":false},"author":2,"featured_media":102194,"comment_status":"","ping_status":"","sticky":false,"template":"","format":"standard","meta":{"footnotes":""},"categories":[67],"tags":[104,34,31,33,32,30,105],"class_list":{"0":"post-102193","1":"post","2":"type-post","3":"status-publish","4":"format-standard","5":"has-post-thumbnail","7":"category-underhallning","8":"tag-entertainment","9":"tag-se","10":"tag-svenska","11":"tag-sverige","12":"tag-sweden","13":"tag-swedish","14":"tag-underhallning"},"share_on_mastodon":{"url":"https:\/\/pubeurope.com\/@se\/115696549577937166","error":""},"_links":{"self":[{"href":"https:\/\/www.europesays.com\/se\/wp-json\/wp\/v2\/posts\/102193","targetHints":{"allow":["GET"]}}],"collection":[{"href":"https:\/\/www.europesays.com\/se\/wp-json\/wp\/v2\/posts"}],"about":[{"href":"https:\/\/www.europesays.com\/se\/wp-json\/wp\/v2\/types\/post"}],"author":[{"embeddable":true,"href":"https:\/\/www.europesays.com\/se\/wp-json\/wp\/v2\/users\/2"}],"replies":[{"embeddable":true,"href":"https:\/\/www.europesays.com\/se\/wp-json\/wp\/v2\/comments?post=102193"}],"version-history":[{"count":0,"href":"https:\/\/www.europesays.com\/se\/wp-json\/wp\/v2\/posts\/102193\/revisions"}],"wp:featuredmedia":[{"embeddable":true,"href":"https:\/\/www.europesays.com\/se\/wp-json\/wp\/v2\/media\/102194"}],"wp:attachment":[{"href":"https:\/\/www.europesays.com\/se\/wp-json\/wp\/v2\/media?parent=102193"}],"wp:term":[{"taxonomy":"category","embeddable":true,"href":"https:\/\/www.europesays.com\/se\/wp-json\/wp\/v2\/categories?post=102193"},{"taxonomy":"post_tag","embeddable":true,"href":"https:\/\/www.europesays.com\/se\/wp-json\/wp\/v2\/tags?post=102193"}],"curies":[{"name":"wp","href":"https:\/\/api.w.org\/{rel}","templated":true}]}}