{"id":102224,"date":"2025-12-10T18:55:07","date_gmt":"2025-12-10T18:55:07","guid":{"rendered":"https:\/\/www.europesays.com\/se\/102224\/"},"modified":"2025-12-10T18:55:07","modified_gmt":"2025-12-10T18:55:07","slug":"gerillapyntad-julgran-tillbaka-mitt-i-skogen","status":"publish","type":"post","link":"https:\/\/www.europesays.com\/se\/102224\/","title":{"rendered":"Gerillapyntad julgran tillbaka \u2013 mitt i skogen"},"content":{"rendered":"<p class=\"text\">En hund fl\u00e4ktar f\u00f6rbi med matte i sl\u00e4pt\u00e5g. Allt \u00e4r n\u00e4stan som vanligt. Men granen intill motionssp\u00e5ret har n\u00e5gon kl\u00e4tt med glitter, julgranskulor och batterislinga. <\/p>\n<p><img decoding=\"async\" class=\"Image Image_\" src=\"\" data-aghref=\"http:\/\/www.mitti.se\/image-3.352279.268497.20251210184427.5f063794d1\" data-agimagetype=\"hardcrop\" alt=\"Bredvid motionssp\u00e5ret mellan \u00c4ltasj\u00f6n och S\u00f6derbysj\u00f6n har n\u00e5gon f\u00f6rvandlat en av skogens granar till julgran.\"\/><\/p>\n<p class=\"Caption\">Bredvid motionssp\u00e5ret mellan \u00c4ltasj\u00f6n och S\u00f6derbysj\u00f6n har n\u00e5gon f\u00f6rvandlat en av skogens granar till julgran.<\/p>\n<p class=\"Source\">Johan Kristensen<\/p>\n<p class=\"text\">\u2013 J\u00e4ttemysigt! Kul! Jag har sett m\u00e5nga fina granar n\u00e4r jag har g\u00e5tt f\u00f6rbi men ingen annan som \u00e4r kl\u00e4dd, s\u00e4ger kvinnan.<\/p>\n<p class=\"text\"><a target=\"_blank\" rel=\"noopener nofollow\" href=\"https:\/\/www.mitti.se\/nyheter\/gran-pyntad-i-skogen--far-joggarna-att-se-gnistor-6.3.264124.959f5cee0d\">F\u00f6rra \u00e5ret<\/a> efterlyste Mitt i julmakarna men n\u00e5dde inte \u00e4nda fram.<\/p>\n<p class=\"text\">Vet du vem som har pyntat\u2013\u00a0mejla v\u00e5r reporter!<\/p>\n","protected":false},"excerpt":{"rendered":"En hund fl\u00e4ktar f\u00f6rbi med matte i sl\u00e4pt\u00e5g. Allt \u00e4r n\u00e4stan som vanligt. Men granen intill motionssp\u00e5ret har&hellip;\n","protected":false},"author":2,"featured_media":102225,"comment_status":"","ping_status":"","sticky":false,"template":"","format":"standard","meta":{"footnotes":""},"categories":[69],"tags":[113,112,34,31,33,32,30],"class_list":{"0":"post-102224","1":"post","2":"type-post","3":"status-publish","4":"format-standard","5":"has-post-thumbnail","7":"category-halsa","8":"tag-halsa","9":"tag-health","10":"tag-se","11":"tag-svenska","12":"tag-sverige","13":"tag-sweden","14":"tag-swedish"},"share_on_mastodon":{"url":"https:\/\/pubeurope.com\/@se\/115696797280823522","error":""},"_links":{"self":[{"href":"https:\/\/www.europesays.com\/se\/wp-json\/wp\/v2\/posts\/102224","targetHints":{"allow":["GET"]}}],"collection":[{"href":"https:\/\/www.europesays.com\/se\/wp-json\/wp\/v2\/posts"}],"about":[{"href":"https:\/\/www.europesays.com\/se\/wp-json\/wp\/v2\/types\/post"}],"author":[{"embeddable":true,"href":"https:\/\/www.europesays.com\/se\/wp-json\/wp\/v2\/users\/2"}],"replies":[{"embeddable":true,"href":"https:\/\/www.europesays.com\/se\/wp-json\/wp\/v2\/comments?post=102224"}],"version-history":[{"count":0,"href":"https:\/\/www.europesays.com\/se\/wp-json\/wp\/v2\/posts\/102224\/revisions"}],"wp:featuredmedia":[{"embeddable":true,"href":"https:\/\/www.europesays.com\/se\/wp-json\/wp\/v2\/media\/102225"}],"wp:attachment":[{"href":"https:\/\/www.europesays.com\/se\/wp-json\/wp\/v2\/media?parent=102224"}],"wp:term":[{"taxonomy":"category","embeddable":true,"href":"https:\/\/www.europesays.com\/se\/wp-json\/wp\/v2\/categories?post=102224"},{"taxonomy":"post_tag","embeddable":true,"href":"https:\/\/www.europesays.com\/se\/wp-json\/wp\/v2\/tags?post=102224"}],"curies":[{"name":"wp","href":"https:\/\/api.w.org\/{rel}","templated":true}]}}